{"id":71343,"date":"2011-06-06T10:35:37","date_gmt":"2011-06-06T07:35:37","guid":{"rendered":"http:\/\/www.nationalturk.com\/?p=71343"},"modified":"2026-04-27T02:28:45","modified_gmt":"2026-04-26T23:28:45","slug":"burak-yilmaz-trabzonspor-transfer-haberleri-71343","status":"publish","type":"post","link":"https:\/\/www.nationalturk.com\/tr\/burak-yilmaz-trabzonspor-transfer-haberleri-71343\/","title":{"rendered":"&#8220;Hi\u00e7bir yere gitmiyorum&#8221; \/ Trabzonspor Transfer Haberleri"},"content":{"rendered":"<h1><img loading=\"lazy\" decoding=\"async\" class=\"alignleft size-medium wp-image-71344\" title=\"Burak Y\u0131lmaz\" src=\"http:\/\/www.nationalturk.com\/tr\/wp-content\/uploads\/2011\/06\/burakyilmaz_trabzon-280x208.jpg\" alt=\"\" width=\"280\" height=\"208\" srcset=\"https:\/\/www.nationalturk.com\/tr\/wp-content\/uploads\/2011\/06\/burakyilmaz_trabzon-280x208.jpg 280w, https:\/\/www.nationalturk.com\/tr\/wp-content\/uploads\/2011\/06\/burakyilmaz_trabzon.jpg 315w\" sizes=\"auto, (max-width: 280px) 100vw, 280px\" \/>Bu sezon att\u0131\u011f\u0131 gollerle Trabzonspor&#8217;un ligi ikinci bitirmesinde b\u00fcy\u00fck pay sahibi olan Burak Y\u0131lmaz Trabzonspor&#8217;da kalaca\u011f\u0131n\u0131 a\u00e7\u0131klad\u0131. \/ Trabzonspor Transfer Haberleri&#8230;<\/h1>\n<p>Hakk\u0131nda \u00e7\u0131kar\u0131lan transfer dedikodular\u0131na ald\u0131rmad\u0131\u011f\u0131n\u0131 ifade eden Burak Y\u0131lmaz, &#8220;Hi\u00e7bir tak\u0131ma gitme gibi bir d\u00fc\u015f\u00fcncem yok. Trabzonspor&#8217;da ba\u015farmam gereken \u00f6nemli i\u015fler var. Bu tak\u0131m\u0131n bana ihtiyac\u0131 var ve bir yere gitmiyorum. Yeni s\u00f6zle\u015fmeye de imza atmaya haz\u0131r\u0131m&#8221; dedi.<\/p>\n<p>Yeni sezonda da Trabzonspor&#8217;un ba\u015far\u0131l\u0131 olaca\u011f\u0131n\u0131 dile getiren Burak, &#8220;Lig ve milli ma\u00e7 bitti ama ben kendimi hala formda hissediyorum. Bana bu enerjiyi Trabzonspor taraftarlar\u0131 ve camias\u0131 verdi. Kamp d\u00f6nemine kadar en iyi \u015fekilde dinlenip sezona \u00e7ok iyi bir ba\u015flang\u0131\u00e7 yapmak istiyorum&#8221; diye konu\u015ftu.<\/p>\n<!-- Error, Advert is not available at this time due to schedule\/geolocation restrictions! -->\n<span style=\"font-weight: bold; color: #f00;\">Error, group does not exist! Check your syntax! (ID: 63)<\/span>\n","protected":false},"excerpt":{"rendered":"<p>Bu sezon att\u0131\u011f\u0131 gollerle Trabzonspor&#8217;un ligi ikinci bitirmesinde b\u00fcy\u00fck pay sahibi olan Burak Y\u0131lmaz Trabzonspor&#8217;da kalaca\u011f\u0131n\u0131 a\u00e7\u0131klad\u0131. \/ Trabzonspor Transfer Haberleri&#8230;<\/p>\n","protected":false},"author":4,"featured_media":188944,"comment_status":"open","ping_status":"open","sticky":false,"template":"","format":"standard","meta":{"_acf_changed":false,"footnotes":""},"categories":[6774,6194],"tags":[3037,4117,31605],"class_list":["post-71343","post","type-post","status-publish","format-standard","has-post-thumbnail","hentry","category-futbol","category-spor","tag-trabzon","tag-trabzonspor","tag-trabzonspor-transfer"],"acf":[],"_links":{"self":[{"href":"https:\/\/www.nationalturk.com\/tr\/wp-json\/wp\/v2\/posts\/71343","targetHints":{"allow":["GET"]}}],"collection":[{"href":"https:\/\/www.nationalturk.com\/tr\/wp-json\/wp\/v2\/posts"}],"about":[{"href":"https:\/\/www.nationalturk.com\/tr\/wp-json\/wp\/v2\/types\/post"}],"author":[{"embeddable":true,"href":"https:\/\/www.nationalturk.com\/tr\/wp-json\/wp\/v2\/users\/4"}],"replies":[{"embeddable":true,"href":"https:\/\/www.nationalturk.com\/tr\/wp-json\/wp\/v2\/comments?post=71343"}],"version-history":[{"count":1,"href":"https:\/\/www.nationalturk.com\/tr\/wp-json\/wp\/v2\/posts\/71343\/revisions"}],"predecessor-version":[{"id":309131,"href":"https:\/\/www.nationalturk.com\/tr\/wp-json\/wp\/v2\/posts\/71343\/revisions\/309131"}],"wp:featuredmedia":[{"embeddable":true,"href":"https:\/\/www.nationalturk.com\/tr\/wp-json\/wp\/v2\/media\/188944"}],"wp:attachment":[{"href":"https:\/\/www.nationalturk.com\/tr\/wp-json\/wp\/v2\/media?parent=71343"}],"wp:term":[{"taxonomy":"category","embeddable":true,"href":"https:\/\/www.nationalturk.com\/tr\/wp-json\/wp\/v2\/categories?post=71343"},{"taxonomy":"post_tag","embeddable":true,"href":"https:\/\/www.nationalturk.com\/tr\/wp-json\/wp\/v2\/tags?post=71343"}],"curies":[{"name":"wp","href":"https:\/\/api.w.org\/{rel}","templated":true}]}}