{"id":71618,"date":"2011-06-08T11:00:34","date_gmt":"2011-06-08T08:00:34","guid":{"rendered":"http:\/\/www.nationalturk.com\/?p=71618"},"modified":"2011-06-08T11:00:34","modified_gmt":"2011-06-08T08:00:34","slug":"financial-times-akp-71618","status":"publish","type":"post","link":"https:\/\/www.nationalturk.com\/tr\/financial-times-akp-71618\/","title":{"rendered":"\u015eimdi de Financial Times: AKP rahats\u0131z edici otoriter e\u011filim i\u00e7inde"},"content":{"rendered":"<h1><img loading=\"lazy\" decoding=\"async\" class=\"alignleft size-large wp-image-71619\" title=\"Ba\u015fbakan Erdo\u011fan ve K\u0131l\u0131\u00e7daro\u011flu\" src=\"http:\/\/www.nationalturk.com\/tr\/wp-content\/uploads\/2011\/06\/erdogan_kilicdaroglu_arkaarkaya-315x400.jpg\" alt=\"\" width=\"315\" height=\"400\" srcset=\"https:\/\/www.nationalturk.com\/tr\/wp-content\/uploads\/2011\/06\/erdogan_kilicdaroglu_arkaarkaya-315x400.jpg 315w, https:\/\/www.nationalturk.com\/tr\/wp-content\/uploads\/2011\/06\/erdogan_kilicdaroglu_arkaarkaya-173x220.jpg 173w, https:\/\/www.nationalturk.com\/tr\/wp-content\/uploads\/2011\/06\/erdogan_kilicdaroglu_arkaarkaya.jpg 473w\" sizes=\"auto, (max-width: 315px) 100vw, 315px\" \/>\u0130ngiliz The Economist dergisinin &#8216;Demokrasi i\u00e7in oyunuzu CHP&#8217;ye verin&#8217; i\u00e7erikli yaz\u0131s\u0131n\u0131n ard\u0131ndan Financial Times gazetesi de T\u00fcrklerin \u00e7\u0131kar\u0131 i\u00e7in AKP&#8217;nin se\u00e7imi ezici \u00e7o\u011funlukla kazanmamas\u0131 gerekti\u011fi yaz\u0131ld\u0131.<\/h1>\n<p>Ba\u015fbakan Recep Tayyip Erdo\u011fan&#8217;\u0131n, partisini ele\u015ftiren ve CHP&#8217;ye oy isteyen The Economist hakk\u0131ndaki ele\u015ftirileri devam ederken \u0130ngiltere&#8217;nin bir ba\u015fka dev yay\u0131n organ\u0131 Financial Times da AKP&#8217;yi ele\u015ftirdi. Gazete, ba\u015fyaz\u0131s\u0131nda T\u00fcrklerin \u00e7\u0131karlar\u0131na en fazla hizmet edecek geli\u015fmenin, iktidardaki Adalet ve Kalk\u0131nma Partisi&#8217;nin se\u00e7imi ezici bir farkla kazanmamas\u0131 oldu\u011fu \u00f6ne s\u00fcr\u00fcld\u00fc.<\/p>\n<p>Financial Times gazetesininde yer alan &#8220;T\u00fcrkiye&#8217;nin oyu&#8221; ba\u015fl\u0131kl\u0131 yaz\u0131da, se\u00e7imlerin ard\u0131ndan T\u00fcrkiye&#8217;de daha g\u00fc\u00e7l\u00fc bir cumhurba\u015fkan\u0131n\u0131n de\u011fil, g\u00fc\u00e7l\u00fc bir muhalefetin gerekti\u011fi vurguland\u0131. Yaz\u0131da AKP&#8217;nin iktidar d\u00f6nemindeki icraatlar\u0131ndan b\u00fcy\u00fck \u00f6vg\u00fcyle bahsedilirken Ba\u015fbakan Erdo\u011fan&#8217;\u0131n anayasay\u0131 yeniden yazma vaadinin se\u00e7imlerin \u00f6nemini daha da art\u0131rd\u0131\u011f\u0131 okuyuculara aktar\u0131ld\u0131.<\/p>\n<p>Gazete, Ba\u015fbakan Recep Tayyip Erdo\u011fan&#8217;\u0131n parlamenter sistemden ba\u015fkanl\u0131k sistemine ge\u00e7me niyetini hat\u0131rlatt\u0131 ve bunun anayasa de\u011fi\u015fikli\u011fi \u00f6nerilerinden en kayg\u0131 verici olan\u0131 oldu\u011funu belirtti.\u00a0Ba\u015fyaz\u0131da ba\u015fkanl\u0131k sistemine ge\u00e7i\u015fin do\u011fru olmad\u0131\u011f\u0131 \u015fu sat\u0131rlarla savunuldu:<\/p>\n<p>&#8220;Bu iki nedenle k\u00f6t\u00fc bir fikir. Birincisi, b\u00f6ylesi bir ge\u00e7i\u015f Say\u0131n Erdo\u011fan&#8217;a, T\u00fcrkiye&#8217;de y\u00fcr\u00fctmenin ba\u015f\u0131 olarak g\u00f6rev yapt\u0131\u011f\u0131 s\u00fcreyi al\u0131\u015f\u0131lageldi\u011fi gibi \u00fc\u00e7 yerine be\u015f d\u00f6neme \u00e7\u0131karmas\u0131n\u0131n yolunu sunmu\u015f olacak. \u0130kincisi ve daha k\u00f6t\u00fcs\u00fc de, ba\u015fkanl\u0131k sistemine ge\u00e7i\u015f, T\u00fcrkiye&#8217;nin K\u00fcrtlerinin ve di\u011fer az\u0131nl\u0131klar\u0131n\u0131n sorunlar\u0131n\u0131n \u00e7\u00f6z\u00fcm\u00fcn\u00fc zorla\u015ft\u0131racak.&#8221;<\/p>\n<p><strong>CHP&#8217;nin geni\u015f kitlelere hitap etmeye ba\u015flamas\u0131 iyi haber<\/strong><\/p>\n<p><strong><\/strong>T\u00fcrkiye&#8217;de muhalefetin kat etmesi gereken mesafe oldu\u011funun da vurguland\u0131\u011f\u0131 Financial Times&#8217;\u0131n ba\u015fyaz\u0131s\u0131, \u015fu ifadeler ile noktaland\u0131:<\/p>\n<p>&#8220;Muhalefet uzun s\u00fcre orduya ve yarg\u0131ya bel ba\u011flad\u0131. Ancak Cumhuriyet Halk Partisi gecikerek de olsa, daha geni\u015f bir kesime hitap etmeye ba\u015flad\u0131. Bu iyi bir haber. T\u00fcrkiye&#8217;de yeni meclisin alaca\u011f\u0131 \u00f6nemli kararlar, AKP kadar muhalefet taraf\u0131ndan da \u015fekillendirildi\u011fi takdirde, daha da b\u00fcy\u00fck anlam ifade edecektir.&#8221;<\/p>\n<!-- Error, Advert is not available at this time due to schedule\/geolocation restrictions! -->\n<!-- Error, Advert is not available at this time due to schedule\/geolocation restrictions! -->\n","protected":false},"excerpt":{"rendered":"<p>\u0130ngiliz The Economist dergisinin &#8216;Demokrasi i\u00e7in oyunuzu CHP&#8217;ye verin&#8217; i\u00e7erikli yaz\u0131s\u0131n\u0131n ard\u0131ndan Financial Times gazetesi de T\u00fcrklerin \u00e7\u0131kar\u0131 i\u00e7in AKP&#8217;nin se\u00e7imi ezici \u00e7o\u011funlukla kazanmamas\u0131 gerekti\u011fi yaz\u0131ld\u0131.<\/p>\n","protected":false},"author":4,"featured_media":71619,"comment_status":"open","ping_status":"open","sticky":false,"template":"","format":"standard","meta":{"_acf_changed":false,"footnotes":""},"categories":[6155,5005,6667,6202,6805],"tags":[61244,9476,3888,8723,31644,72203,31645],"class_list":["post-71618","post","type-post","status-publish","format-standard","has-post-thumbnail","hentry","category-gundem","category-manset","category-medya","category-politika","category-turkiye","tag-adalet-ve-kalkinma-partisi","tag-akp","tag-basbakan-erdogan","tag-chp","tag-financial-times","tag-financial-times-erdogan","tag-financial-times-turkiye"],"acf":[],"_links":{"self":[{"href":"https:\/\/www.nationalturk.com\/tr\/wp-json\/wp\/v2\/posts\/71618","targetHints":{"allow":["GET"]}}],"collection":[{"href":"https:\/\/www.nationalturk.com\/tr\/wp-json\/wp\/v2\/posts"}],"about":[{"href":"https:\/\/www.nationalturk.com\/tr\/wp-json\/wp\/v2\/types\/post"}],"author":[{"embeddable":true,"href":"https:\/\/www.nationalturk.com\/tr\/wp-json\/wp\/v2\/users\/4"}],"replies":[{"embeddable":true,"href":"https:\/\/www.nationalturk.com\/tr\/wp-json\/wp\/v2\/comments?post=71618"}],"version-history":[{"count":0,"href":"https:\/\/www.nationalturk.com\/tr\/wp-json\/wp\/v2\/posts\/71618\/revisions"}],"wp:featuredmedia":[{"embeddable":true,"href":"https:\/\/www.nationalturk.com\/tr\/wp-json\/wp\/v2\/media\/71619"}],"wp:attachment":[{"href":"https:\/\/www.nationalturk.com\/tr\/wp-json\/wp\/v2\/media?parent=71618"}],"wp:term":[{"taxonomy":"category","embeddable":true,"href":"https:\/\/www.nationalturk.com\/tr\/wp-json\/wp\/v2\/categories?post=71618"},{"taxonomy":"post_tag","embeddable":true,"href":"https:\/\/www.nationalturk.com\/tr\/wp-json\/wp\/v2\/tags?post=71618"}],"curies":[{"name":"wp","href":"https:\/\/api.w.org\/{rel}","templated":true}]}}