{"id":71774,"date":"2011-06-09T17:07:12","date_gmt":"2011-06-09T14:07:12","guid":{"rendered":"http:\/\/www.nationalturk.com\/?p=71774"},"modified":"2011-06-09T17:07:12","modified_gmt":"2011-06-09T14:07:12","slug":"hatip-dicle-hapis-cezasi-71774","status":"publish","type":"post","link":"https:\/\/www.nationalturk.com\/tr\/hatip-dicle-hapis-cezasi-71774\/","title":{"rendered":"Hatip Dicle&#8217;nin ak\u0131beti ne olacak?"},"content":{"rendered":"<h1><img loading=\"lazy\" decoding=\"async\" class=\"alignleft size-medium wp-image-71776\" title=\"Hatip Dicle\" src=\"http:\/\/www.nationalturk.com\/tr\/wp-content\/uploads\/2011\/06\/hatipdicle-280x179.jpg\" alt=\"\" width=\"280\" height=\"179\" srcset=\"https:\/\/www.nationalturk.com\/tr\/wp-content\/uploads\/2011\/06\/hatipdicle-280x179.jpg 280w, https:\/\/www.nationalturk.com\/tr\/wp-content\/uploads\/2011\/06\/hatipdicle.jpg 400w\" sizes=\"auto, (max-width: 280px) 100vw, 280px\" \/>BDP&#8217;nin destekledi\u011fi Ba\u011f\u0131ms\u0131z Milletvekili adaylar\u0131ndan Hatip Dicle hakk\u0131ndaki &#8216;Silahl\u0131 ter\u00f6r \u00f6rg\u00fct\u00fcn\u00fcn propagandas\u0131n\u0131 yapmak&#8217; su\u00e7u nedeniyle verilen hapis cezas\u0131n\u0131n yank\u0131lar\u0131 devam ediyor.<\/h1>\n<p>Ter\u00f6r su\u00e7u i\u015fledi\u011fi i\u00e7in milletvekili se\u00e7ilse dahi mazbata alamayaca\u011f\u0131 \u00f6ne s\u00fcr\u00fclen Hatip Dicle ile ilgili kesinle\u015fmi\u015f karar\u0131n hen\u00fcz Y\u00fcksek Se\u00e7im Kurulu&#8217;na (YSK) ula\u015fmad\u0131\u011f\u0131 \u00f6\u011frenildi. Oy pusulalar\u0131 de\u011fi\u015ftirilemeyece\u011fi i\u00e7in Hatip Dicle&#8217;nin ismi pusulalarda yer alacak. \u00d6zel Yetkili Ankara Cumhuriyet Ba\u015fsavc\u0131vekilli\u011fi, 31 Mart 2008&#8217;de Dicle hakk\u0131nda, &#8220;Ter\u00f6r \u00f6rg\u00fct\u00fc propagandas\u0131n\u0131 yapt\u0131\u011f\u0131&#8221; iddias\u0131yla dava a\u00e7m\u0131\u015f, Ankara 11. A\u011f\u0131r Ceza Mahkemesi de Hatip Dicle&#8217;yi, 1 y\u0131l 8 ay hapse mahkum etmi\u015fti. Yarg\u0131tay 9. Ceza Dairesi de Hatip Dicle&#8217;nin cezas\u0131n\u0131 onad\u0131. B\u00f6ylelikle Hatip Dicle&#8217;ye TBMM yolu kapand\u0131.<\/p>\n<p>Konuyla ilgili a\u00e7\u0131klama yapan\u00a0BDP E\u015f Genel Ba\u015fkan\u0131 Hamit Geylani, Hatip Dicle&#8217;nin \u00f6n\u00fcnde hi\u00e7bir engel olmad\u0131\u011f\u0131n\u0131 iddia ederek &#8220;Se\u00e7ime g\u00fcnler kala bize yap\u0131lan bu sald\u0131r\u0131 tesad\u00fcf de\u011fildir. \u015eimdi de Yarg\u0131tay siyala\u015fmas\u0131 var. \u015eimdi soruyorum bu neden \u015fimdi g\u00fcndeme geliyor? Meclise gidemez diyecek hi\u00e7bir merci yoktur. Se\u00e7ilmesi durumunda mazbatas\u0131n\u0131n verilmesi \u00f6n\u00fcnde engel yok&#8221; dedi.<\/p>\n<p>Geylani, yarg\u0131n\u0131n g\u0131rtla\u011f\u0131na kadar siyasile\u015fti\u011fini \u00f6ne s\u00fcrerek &#8220;12 Haziran&#8217;da halk Hatip Dicle&#8217;yi \u00f6zg\u00fcr iradesiyle se\u00e7ecektir ve Meclis&#8217;e g\u00f6nderecektir&#8221; dedi. K\u00fcrt\u00e7e ezan tart\u0131\u015fmalar\u0131na da de\u011finen Hamit Geylani, &#8220;Din istismarl\u0131\u011f\u0131 siyasi ahlaks\u0131zl\u0131kla rantla\u015ft\u0131r\u0131lmaya \u00e7al\u0131\u015f\u0131l\u0131yor. Ezan t\u00fcm \u0130slam \u00fclkelerinde ayn\u0131d\u0131r ve de\u011fi\u015fmesi y\u00f6n\u00fcnde bir \u00e7al\u0131\u015fma olmaz. BDP b\u00f6yle bir \u00e7al\u0131\u015fma hi\u00e7 yapamaz. De\u011fi\u015fmeyen tek \u015fey 4 kitapt\u0131r. Ezan da hi\u00e7 de\u011fi\u015fmez. Nerede bunun tan\u0131\u011f\u0131 ve kaseti. Onlar bu kaset olaylar\u0131n\u0131 iyi bilir. O oyunlar bizde yok&#8221; ifadelerini kulland\u0131.<\/p>\n<p>BDP E\u015f Genel Ba\u015fkan\u0131 Filiz Ko\u00e7ali ise &#8220;K\u00fcrt\u00e7e ezan diye bir \u015fey yok. K\u00fcrt\u00e7e hutbe var. Se\u00e7im s\u00fcrecinde tasvip etmedi\u011fimiz sald\u0131r\u0131lar g\u00fcndeme getiriliyor. Bat\u0131da bize defalarca sald\u0131r\u0131 oldu ama hi\u00e7 g\u00fcndeme gelmedi. Irk\u00e7\u0131 sald\u0131r\u0131lar y\u00fckseltiliyor. Bu bat\u0131da karde\u015fli\u011fi bozuyor&#8221; diye konu\u015ftu.<\/p>\n<!-- Error, Advert is not available at this time due to schedule\/geolocation restrictions! -->\n","protected":false},"excerpt":{"rendered":"<p>BDP&#8217;nin destekledi\u011fi Ba\u011f\u0131ms\u0131z Milletvekili adaylar\u0131ndan Hatip Dicle hakk\u0131ndaki &#8216;Silahl\u0131 ter\u00f6r \u00f6rg\u00fct\u00fcn\u00fcn propagandas\u0131n\u0131 yapmak&#8217; su\u00e7u nedeniyle verilen hapis cezas\u0131n\u0131n yank\u0131lar\u0131 devam ediyor.<\/p>\n","protected":false},"author":4,"featured_media":71776,"comment_status":"open","ping_status":"open","sticky":false,"template":"","format":"standard","meta":{"_acf_changed":false,"footnotes":""},"categories":[6155,5005,6202,349,6805],"tags":[11498,15013,67487,67490,46870,38299,15898],"class_list":["post-71774","post","type-post","status-publish","format-standard","has-post-thumbnail","hentry","category-gundem","category-manset","category-politika","category-son-dakika","category-turkiye","tag-bdp","tag-hamit-geylani","tag-hatip-dicle","tag-hatip-dicle-yasak","tag-kurtce","tag-ysk","tag-yuksek-secim-kurulu"],"acf":[],"_links":{"self":[{"href":"https:\/\/www.nationalturk.com\/tr\/wp-json\/wp\/v2\/posts\/71774","targetHints":{"allow":["GET"]}}],"collection":[{"href":"https:\/\/www.nationalturk.com\/tr\/wp-json\/wp\/v2\/posts"}],"about":[{"href":"https:\/\/www.nationalturk.com\/tr\/wp-json\/wp\/v2\/types\/post"}],"author":[{"embeddable":true,"href":"https:\/\/www.nationalturk.com\/tr\/wp-json\/wp\/v2\/users\/4"}],"replies":[{"embeddable":true,"href":"https:\/\/www.nationalturk.com\/tr\/wp-json\/wp\/v2\/comments?post=71774"}],"version-history":[{"count":0,"href":"https:\/\/www.nationalturk.com\/tr\/wp-json\/wp\/v2\/posts\/71774\/revisions"}],"wp:featuredmedia":[{"embeddable":true,"href":"https:\/\/www.nationalturk.com\/tr\/wp-json\/wp\/v2\/media\/71776"}],"wp:attachment":[{"href":"https:\/\/www.nationalturk.com\/tr\/wp-json\/wp\/v2\/media?parent=71774"}],"wp:term":[{"taxonomy":"category","embeddable":true,"href":"https:\/\/www.nationalturk.com\/tr\/wp-json\/wp\/v2\/categories?post=71774"},{"taxonomy":"post_tag","embeddable":true,"href":"https:\/\/www.nationalturk.com\/tr\/wp-json\/wp\/v2\/tags?post=71774"}],"curies":[{"name":"wp","href":"https:\/\/api.w.org\/{rel}","templated":true}]}}