{"id":71820,"date":"2011-06-10T10:58:00","date_gmt":"2011-06-10T07:58:00","guid":{"rendered":"http:\/\/www.nationalturk.com\/?p=71820"},"modified":"2011-06-10T11:24:18","modified_gmt":"2011-06-10T08:24:18","slug":"the-economist-basbakan-erdogan-71820","status":"publish","type":"post","link":"https:\/\/www.nationalturk.com\/tr\/the-economist-basbakan-erdogan-71820\/","title":{"rendered":"The Economist&#8217;ten Erdo\u011fan&#8217;a: Oy kazan\u0131rs\u0131n ama Bat\u0131y\u0131 inand\u0131ramazs\u0131n!"},"content":{"rendered":"<h1><img loading=\"lazy\" decoding=\"async\" class=\"alignleft size-medium wp-image-71821\" title=\"Ba\u015fbakan Erdo\u011fan\" src=\"http:\/\/www.nationalturk.com\/tr\/wp-content\/uploads\/2011\/06\/erdogan__fransa_konusma1-280x216.jpg\" alt=\"\" width=\"280\" height=\"216\" srcset=\"https:\/\/www.nationalturk.com\/tr\/wp-content\/uploads\/2011\/06\/erdogan__fransa_konusma1-280x216.jpg 280w, https:\/\/www.nationalturk.com\/tr\/wp-content\/uploads\/2011\/06\/erdogan__fransa_konusma1.jpg 470w\" sizes=\"auto, (max-width: 280px) 100vw, 280px\" \/>\u0130ngiliz Th Economist dergisi, &#8216;CHP&#8217;ye oy verin&#8217; i\u00e7erikli yaz\u0131s\u0131na sert tepki g\u00f6steren Ba\u015fbakan Erdo\u011fan&#8217;a cevap verdi. Dergi, &#8216;Yurt i\u00e7inde oy kazanabilirsiniz ama Bat\u0131&#8217;da inand\u0131r\u0131c\u0131l\u0131\u011f\u0131n\u0131z artmaz&#8217; ifadelerini kulland\u0131.<\/h1>\n<p>Ge\u00e7en haftaki say\u0131s\u0131nda AKP&#8217;nin tek ba\u015f\u0131na anayasa haz\u0131rl\u0131\u011f\u0131nda oldu\u011funu hat\u0131rlatarak T\u00fcrkler&#8217;in CHP&#8217;ye oy vermesi gerekti\u011fini yazan ve ard\u0131ndan Ba\u015fbakan Recep Tayyip Erdo\u011fan&#8217;\u0131n adeta h\u0131\u015fm\u0131na u\u011frayan \u0130ngiliz The Economist dergisi, yeni say\u0131s\u0131nda Erdo\u011fan&#8217;a cevap verdi. &#8220;\u0130ktidardaki parti, kutupla\u015ft\u0131r\u0131c\u0131 bir kampanyan\u0131n ard\u0131ndan yeniden iktidara do\u011fru ilerliyor&#8221; spotunu kullanan The Economist, dergilerinin Ba\u015fbakan Erdo\u011fan&#8217;\u0131n hedefi oldu\u011funu belirterek &#8220;Mitinglerde Say\u0131n Erdo\u011fan, The Economist&#8217;i &#8216;k\u00fcresel bir \u00e7ete&#8217; ile birlikte hareket etmekle ve \u0130srail&#8217;den emir almakla su\u00e7lad\u0131. Bu yurt i\u00e7inde kendisine oy kazand\u0131rabilir ama Bat\u0131&#8217;da inand\u0131r\u0131c\u0131l\u0131\u011f\u0131n\u0131 pek art\u0131rmaz&#8221; diye yazd\u0131.<\/p>\n<p>AKP&#8217;nin nihai amac\u0131n\u0131n \u015eeriat\u0131 getirmek oldu\u011fu y\u00f6n\u00fcndeki iddialar\u0131n abart\u0131l\u0131 oldu\u011funu ileri s\u00fcren dergi,\u00a0Erdo\u011fan&#8217;\u0131n 2007 se\u00e7imlerinden sonra d\u00f6n\u00fc\u015f yapt\u0131\u011f\u0131 y\u00f6n\u00fcndeki g\u00f6r\u00fc\u015flerin de yans\u0131t\u0131ld\u0131\u011f\u0131 yaz\u0131s\u0131nda son d\u00f6nemde kad\u0131nlara y\u00f6nelik baz\u0131 olumsuz olaylar\u0131 \u00f6rnek g\u00f6sterdi.<\/p>\n<p>\u0130ngiliz dergisi &#8220;Daha b\u00fcy\u00fck bir kayg\u0131, Say\u0131n Erdo\u011fan&#8217;\u0131n giderek artan otoriter e\u011filimidir&#8221; de\u011ferlendirmesini de yapt\u0131ktan sonra T\u00fcrkiye&#8217;de hemen hemen t\u00fcm \u00fclkelerden \u00e7ok gazetecinin cezaevinde bulundu\u011fu sav\u0131na da yer verdi. &#8220;Paras\u0131z e\u011fitimi istiyoruz&#8221; pankart\u0131n\u0131 a\u00e7an iki \u00f6\u011frencinin bir y\u0131l\u0131 a\u015fk\u0131n s\u00fcre cezaevinde bulundu\u011funa dikkat \u00e7eken dergi, Erdo\u011fan&#8217;\u0131n artan bi\u00e7imde kamuoyu \u00f6n\u00fcnde kendisini ele\u015ftirenlere duydu\u011fu k\u0131zg\u0131nl\u0131\u011f\u0131n\u0131 dile getirdi\u011fini yazd\u0131.<\/p>\n<!-- Error, Advert is not available at this time due to schedule\/geolocation restrictions! -->\n<!-- Error, Advert is not available at this time due to schedule\/geolocation restrictions! -->\n","protected":false},"excerpt":{"rendered":"<p>\u0130ngiliz Th Economist dergisi, &#8216;CHP&#8217;ye oy verin&#8217; i\u00e7erikli yaz\u0131s\u0131na sert tepki g\u00f6steren Ba\u015fbakan Erdo\u011fan&#8217;a cevap verdi. Dergi, &#8216;Yurt i\u00e7inde oy kazanabilirsiniz ama Bat\u0131&#8217;da inand\u0131r\u0131c\u0131l\u0131\u011f\u0131n\u0131z artmaz&#8217; ifadelerini kulland\u0131.<\/p>\n","protected":false},"author":4,"featured_media":71821,"comment_status":"open","ping_status":"open","sticky":false,"template":"","format":"standard","meta":{"_acf_changed":false,"footnotes":""},"categories":[1],"tags":[9476,3888,8723,27522,72403,72405],"class_list":["post-71820","post","type-post","status-publish","format-standard","has-post-thumbnail","hentry","category-nationalturk","tag-akp","tag-basbakan-erdogan","tag-chp","tag-the-economist","tag-the-economist-dergisi","tag-the-economist-erdogan"],"acf":[],"_links":{"self":[{"href":"https:\/\/www.nationalturk.com\/tr\/wp-json\/wp\/v2\/posts\/71820","targetHints":{"allow":["GET"]}}],"collection":[{"href":"https:\/\/www.nationalturk.com\/tr\/wp-json\/wp\/v2\/posts"}],"about":[{"href":"https:\/\/www.nationalturk.com\/tr\/wp-json\/wp\/v2\/types\/post"}],"author":[{"embeddable":true,"href":"https:\/\/www.nationalturk.com\/tr\/wp-json\/wp\/v2\/users\/4"}],"replies":[{"embeddable":true,"href":"https:\/\/www.nationalturk.com\/tr\/wp-json\/wp\/v2\/comments?post=71820"}],"version-history":[{"count":0,"href":"https:\/\/www.nationalturk.com\/tr\/wp-json\/wp\/v2\/posts\/71820\/revisions"}],"wp:featuredmedia":[{"embeddable":true,"href":"https:\/\/www.nationalturk.com\/tr\/wp-json\/wp\/v2\/media\/71821"}],"wp:attachment":[{"href":"https:\/\/www.nationalturk.com\/tr\/wp-json\/wp\/v2\/media?parent=71820"}],"wp:term":[{"taxonomy":"category","embeddable":true,"href":"https:\/\/www.nationalturk.com\/tr\/wp-json\/wp\/v2\/categories?post=71820"},{"taxonomy":"post_tag","embeddable":true,"href":"https:\/\/www.nationalturk.com\/tr\/wp-json\/wp\/v2\/tags?post=71820"}],"curies":[{"name":"wp","href":"https:\/\/api.w.org\/{rel}","templated":true}]}}