{"id":7214,"date":"2009-10-27T17:15:00","date_gmt":"2009-10-27T14:15:00","guid":{"rendered":"http:\/\/www.nationalturk.com\/?p=7214"},"modified":"2009-10-28T11:12:22","modified_gmt":"2009-10-28T08:12:22","slug":"sean-peen-fidel-castro","status":"publish","type":"post","link":"https:\/\/www.nationalturk.com\/tr\/sean-peen-fidel-castro\/","title":{"rendered":"Sean Penn Fidel Castro ile g\u00f6r\u00fc\u015fecek"},"content":{"rendered":"<p><strong><a href=\"http:\/\/www.nationalturk.com\/tr\/wp-content\/uploads\/2009\/10\/sean-penn.jpg\"><img loading=\"lazy\" decoding=\"async\" class=\"alignleft size-medium wp-image-7216\" title=\"Sean Penn K\u00fcba\" src=\"http:\/\/www.nationalturk.com\/tr\/wp-content\/uploads\/2009\/10\/sean-penn-280x186.jpg\" alt=\"Sean Penn K\u00fcba\" width=\"280\" height=\"186\" srcset=\"https:\/\/www.nationalturk.com\/tr\/wp-content\/uploads\/2009\/10\/sean-penn-280x186.jpg 280w, https:\/\/www.nationalturk.com\/tr\/wp-content\/uploads\/2009\/10\/sean-penn-600x400.jpg 600w, https:\/\/www.nationalturk.com\/tr\/wp-content\/uploads\/2009\/10\/sean-penn.jpg 737w\" sizes=\"auto, (max-width: 280px) 100vw, 280px\" \/><\/a>\u2018Harvey Milk&#8217; filmindeki rol\u00fcyle bu y\u0131l ikinci kez en iyi akt\u00f6r Oscar&#8217;\u0131n\u0131 alan Sean Penn, Fidel Castro ile g\u00f6r\u00fc\u015fmek\u00a0 i\u00e7in K\u00fcba&#8217;ya gitti.<\/strong><\/p>\n<p>TMZ dergisinin haberine g\u00f6re, 48 ya\u015f\u0131ndaki akt\u00f6r Sean Penn, Vanity Fair dergisi i\u00e7in, K\u00fcba&#8217;ya, &#8220;ABD&#8217;de Ba\u015fkan Barack Obama&#8217;n\u0131n iktidara geli\u015finin K\u00fcba&#8217;ya etkilerini&#8221; yerinde g\u00f6rmek \u00fczere gitti.<\/p>\n<p>TMZ, Sean Penn&#8217;in ge\u00e7en haziranda, ba\u015fka faaliyetlerle ilgilenmek ve ailesine daha fazla zaman ay\u0131rmak amac\u0131yla oyunculuk kariyerine ara verme karar\u0131 ald\u0131\u011f\u0131n\u0131 belirtti.<br \/>\n1996&#8217;dan beri aktris Robin Wright Penn ile evli Sean Penn&#8217;in iki \u00e7ocu\u011fu bulunuyor.<\/p>\n","protected":false},"excerpt":{"rendered":"<p>\u2018Harvey Milk&#8217; filmindeki rol\u00fcyle bu y\u0131l ikinci kez en iyi akt\u00f6r Oscar&#8217;\u0131n\u0131 alan Sean Penn, Fidel Castro ile g\u00f6r\u00fc\u015fmek  i\u00e7in K\u00fcba&#8217;ya gitti.<\/p>\n","protected":false},"author":3,"featured_media":193866,"comment_status":"open","ping_status":"open","sticky":false,"template":"","format":"standard","meta":{"_acf_changed":false,"footnotes":""},"categories":[6666,6221,6771,6667,6672],"tags":[2509,7221,7222,7223,7217,7218,7208,7216,7219,7209,7220,7215],"class_list":["post-7214","post","type-post","status-publish","format-standard","has-post-thumbnail","hentry","category-etkinlikler","category-kultur","category-latin-amerika","category-medya","category-sinema","tag-barack-obama","tag-barack-obama-abd","tag-barack-obama-kuba","tag-barack-obama-latin-amerika","tag-fidel-casto-sean-penn","tag-fidel-castro-kuba","tag-sean-penn","tag-sean-penn-fidel-castro","tag-sean-penn-filmleri","tag-sean-penn-oscar","tag-sean-penn-oscar-odullu","tag-sean-penn-fidel"],"acf":[],"_links":{"self":[{"href":"https:\/\/www.nationalturk.com\/tr\/wp-json\/wp\/v2\/posts\/7214","targetHints":{"allow":["GET"]}}],"collection":[{"href":"https:\/\/www.nationalturk.com\/tr\/wp-json\/wp\/v2\/posts"}],"about":[{"href":"https:\/\/www.nationalturk.com\/tr\/wp-json\/wp\/v2\/types\/post"}],"author":[{"embeddable":true,"href":"https:\/\/www.nationalturk.com\/tr\/wp-json\/wp\/v2\/users\/3"}],"replies":[{"embeddable":true,"href":"https:\/\/www.nationalturk.com\/tr\/wp-json\/wp\/v2\/comments?post=7214"}],"version-history":[{"count":0,"href":"https:\/\/www.nationalturk.com\/tr\/wp-json\/wp\/v2\/posts\/7214\/revisions"}],"wp:featuredmedia":[{"embeddable":true,"href":"https:\/\/www.nationalturk.com\/tr\/wp-json\/wp\/v2\/media\/193866"}],"wp:attachment":[{"href":"https:\/\/www.nationalturk.com\/tr\/wp-json\/wp\/v2\/media?parent=7214"}],"wp:term":[{"taxonomy":"category","embeddable":true,"href":"https:\/\/www.nationalturk.com\/tr\/wp-json\/wp\/v2\/categories?post=7214"},{"taxonomy":"post_tag","embeddable":true,"href":"https:\/\/www.nationalturk.com\/tr\/wp-json\/wp\/v2\/tags?post=7214"}],"curies":[{"name":"wp","href":"https:\/\/api.w.org\/{rel}","templated":true}]}}