{"id":72246,"date":"2011-06-13T15:13:29","date_gmt":"2011-06-13T12:13:29","guid":{"rendered":"http:\/\/www.nationalturk.com\/?p=72246"},"modified":"2022-09-06T13:58:47","modified_gmt":"2022-09-06T10:58:47","slug":"fernando-muslera-galatasaray-transfer-haberleri-72246","status":"publish","type":"post","link":"https:\/\/www.nationalturk.com\/tr\/fernando-muslera-galatasaray-transfer-haberleri-72246\/","title":{"rendered":"\u0130talya bas\u0131n\u0131: Muslera Galatasaray&#8217;da \/ Transfer Haberleri"},"content":{"rendered":"<h1><img loading=\"lazy\" decoding=\"async\" class=\"alignnone size-full wp-image-72247\" title=\"Muslera Galatasaray&#039;da\" src=\"http:\/\/www.nationalturk.com\/tr\/wp-content\/uploads\/2011\/06\/muslera_galatasaray.jpg\" alt=\"\" width=\"610\" height=\"381\"><\/h1>\n<h1>Yeni sezon \u00f6ncesi kaleci aray\u0131\u015flar\u0131n\u0131 s\u00fcrd\u00fcren Galatasaray&#8217;\u0131n, Fernando Muslera konusunda Lazio ile anla\u015ft\u0131\u011f\u0131 iddia edildi. \u0130talyan bas\u0131n\u0131na g\u00f6re Muslera Galatasaray &#8216;da. \/ Galatasaray Transfer Haberleri&#8230;<\/h1>\n<p>\u0130talya bas\u0131n\u0131nda yer alan haberlerde Galatasaray&#8217;\u0131n Lazio kul\u00fcb\u00fc ile kaleci Fernando Muslera ve Lorik Cana&#8217;n\u0131n takas\u0131nda anla\u015ft\u0131\u011f\u0131 yer al\u0131rken futbolcular\u0131n da istemesi halinde transferlerin ger\u00e7ekle\u015fece\u011fi belirtildi.\u00a0Corriere dello Sport, Galatasaray y\u00f6netiminin Lazio Ba\u015fkan\u0131 ile g\u00f6r\u00fc\u015ft\u00fc\u011f\u00fc ve gen\u00e7 kalecinin transferi konusunda b\u00fcy\u00fck \u00f6l\u00e7\u00fcde anla\u015fma sa\u011fland\u0131\u011f\u0131n\u0131 yazd\u0131. \u0130ki kul\u00fcp y\u00f6neticilerinin Lorik Cana ve Fernando Muslera&#8217;n\u0131n takas\u0131 konusunda anla\u015ft\u0131\u011f\u0131, iki futbolcunun da istemeleri halinde imzalar\u0131n at\u0131laca\u011f\u0131 kaydedildi.<\/p>\n<!-- Error, Advert is not available at this time due to schedule\/geolocation restrictions! -->\n<!-- Error, Advert is not available at this time due to schedule\/geolocation restrictions! -->\n","protected":false},"excerpt":{"rendered":"<p>Yeni sezon \u00f6ncesi kaleci aray\u0131\u015flar\u0131n\u0131 s\u00fcrd\u00fcren Galatasaray&#8217;\u0131n, Fernando Muslera konusunda Lazio ile anla\u015ft\u0131\u011f\u0131 iddia edildi. \u0130talyan bas\u0131n\u0131na g\u00f6re Muslera Galatasaray &#8216;da. \/ Galatasaray Transfer Haberleri&#8230;<\/p>\n","protected":false},"author":4,"featured_media":72247,"comment_status":"open","ping_status":"open","sticky":false,"template":"","format":"standard","meta":{"_acf_changed":false,"footnotes":""},"categories":[6770,6774,6194],"tags":[30554,72735,4114,13004,10,72734],"class_list":["post-72246","post","type-post","status-publish","format-standard","has-post-thumbnail","hentry","category-avrupa","category-futbol","category-spor","tag-fernando-muslera","tag-fernando-muslera-galatasaray","tag-galatasaray","tag-galatasaray-transfer","tag-italya","tag-muslera-galatasaray"],"acf":[],"_links":{"self":[{"href":"https:\/\/www.nationalturk.com\/tr\/wp-json\/wp\/v2\/posts\/72246","targetHints":{"allow":["GET"]}}],"collection":[{"href":"https:\/\/www.nationalturk.com\/tr\/wp-json\/wp\/v2\/posts"}],"about":[{"href":"https:\/\/www.nationalturk.com\/tr\/wp-json\/wp\/v2\/types\/post"}],"author":[{"embeddable":true,"href":"https:\/\/www.nationalturk.com\/tr\/wp-json\/wp\/v2\/users\/4"}],"replies":[{"embeddable":true,"href":"https:\/\/www.nationalturk.com\/tr\/wp-json\/wp\/v2\/comments?post=72246"}],"version-history":[{"count":0,"href":"https:\/\/www.nationalturk.com\/tr\/wp-json\/wp\/v2\/posts\/72246\/revisions"}],"wp:featuredmedia":[{"embeddable":true,"href":"https:\/\/www.nationalturk.com\/tr\/wp-json\/wp\/v2\/media\/72247"}],"wp:attachment":[{"href":"https:\/\/www.nationalturk.com\/tr\/wp-json\/wp\/v2\/media?parent=72246"}],"wp:term":[{"taxonomy":"category","embeddable":true,"href":"https:\/\/www.nationalturk.com\/tr\/wp-json\/wp\/v2\/categories?post=72246"},{"taxonomy":"post_tag","embeddable":true,"href":"https:\/\/www.nationalturk.com\/tr\/wp-json\/wp\/v2\/tags?post=72246"}],"curies":[{"name":"wp","href":"https:\/\/api.w.org\/{rel}","templated":true}]}}