{"id":72445,"date":"2011-06-14T16:20:36","date_gmt":"2011-06-14T13:20:36","guid":{"rendered":"http:\/\/www.nationalturk.com\/?p=72445"},"modified":"2011-06-15T16:01:31","modified_gmt":"2011-06-15T13:01:31","slug":"muhammed-demirci-fon-besiktas-haberleri-72445","status":"publish","type":"post","link":"https:\/\/www.nationalturk.com\/tr\/muhammed-demirci-fon-besiktas-haberleri-72445\/","title":{"rendered":"Muhammed Demirci fona m\u0131 verildi? \/ Be\u015fikta\u015f haberleri"},"content":{"rendered":"<h1><img loading=\"lazy\" decoding=\"async\" class=\"alignleft size-medium wp-image-72446\" title=\"Muhammed Demirci\" src=\"http:\/\/www.nationalturk.com\/tr\/wp-content\/uploads\/2011\/06\/muhammed_demirci_antepmaci-280x145.jpg\" alt=\"\" width=\"280\" height=\"145\" srcset=\"https:\/\/www.nationalturk.com\/tr\/wp-content\/uploads\/2011\/06\/muhammed_demirci_antepmaci-280x145.jpg 280w, https:\/\/www.nationalturk.com\/tr\/wp-content\/uploads\/2011\/06\/muhammed_demirci_antepmaci.jpeg 566w\" sizes=\"auto, (max-width: 280px) 100vw, 280px\" \/>Be\u015fikta\u015f&#8217;\u0131n ele avuca s\u0131\u011fmaz gen\u00e7 y\u0131ld\u0131z\u0131 Muhammed Demirci&#8217;nin y\u00fczde 55&#8217;lik haklar\u0131n\u0131n Be\u015fikta\u015f kul\u00fcb\u00fc taraf\u0131ndan 2 milyon euro kar\u015f\u0131l\u0131\u011f\u0131nda fon \u015firketine verildi\u011fi iddia edildi. \/ Be\u015fikta\u015f Haberleri<\/h1>\n<p>Haber1903&#8217;\u00fcn \u00f6zel haberi;<\/p>\n<p>Be\u015fikta\u015f Kul\u00fcb\u00fc Barcelona&#8217;n\u0131n \u0131srarla istedi\u011fi ve gelecekte b\u00fcy\u00fck hedeflere ula\u015fmas\u0131n\u0131 bekledi\u011fi Muhammet Demirci&#8217;nin %55&#8217;lik haklar\u0131n\u0131 Fona ba\u011flad\u0131.<\/p>\n<p>Konu ile ilgili ula\u015ft\u0131\u011f\u0131m\u0131z Muhammet Demirci&#8217;nin t\u00fcm haklar\u0131n\u0131 elinde bulunduran manevi babas\u0131 Seyit Ate\u015f, HABER1903&#8217;e a\u00e7\u0131klamalarda bulundu.<\/p>\n<p>Muhammet Demirci \u00fczerinden  Be\u015fikta\u015f Kul\u00fcb\u00fcn\u00fcn 2 milyon Euro kredi \u00e7ekti\u011fini vurgulayan Ate\u015f, Muhammet&#8217;in \u00f6n\u00fcm\u00fczdeki sezon A tak\u0131mda oynat\u0131lmamas\u0131nda farkl\u0131 nedenler arayaca\u011f\u0131n\u0131 dile getirdi.<\/p>\n<p>Ate\u015f yapt\u0131\u011f\u0131 a\u00e7\u0131klamada;<\/p>\n<p>Muhammet&#8217;in haklar\u0131n\u0131n %55&#8217;ini fona ba\u011fland\u0131\u011f\u0131n\u0131 dile getiren Sait Ate\u015f, &#8221; Be\u015fikta\u015f Kul\u00fcb\u00fc Avrupa&#8217;da ismi olan Muhammet Demirci&#8217;yi teminat olarak g\u00f6stererek 2 milyon Euro gibi bir kredi alm\u0131\u015f. 10 milyon Euro gibi bir sat\u0131\u015f opsiyonu koymu\u015f. E\u011fer Muhammet 10 milyon Euro&#8217;ya sat\u0131l\u0131rsa Be\u015fikta\u015f bu transferden 4.5 milyon Euro daha alacak. E\u011fer bu Fon sahibi \u015firket Muhammet&#8217;i iki y\u0131l i\u00e7inde satamazsa Be\u015fikta\u015f Kul\u00fcb\u00fc Muhammet Demirci i\u00e7in ald\u0131\u011f\u0131 2 milyon Euro&#8217;yu ve faizi \u015firkete geri verecek.&#8221;<\/p>\n<p>Muhammet Demirci&#8217;nin bu sezon A tak\u0131m kadrosunda yer almas\u0131n\u0131 vurgulayan Ate\u015f, &#8221; Muhammet Demirci bu sezon Be\u015fikta\u015f&#8217;ta A tak\u0131mda \u0130n\u00f6n\u00fc stad\u0131na \u00e7\u0131kar. Bunu b\u00fct\u00fcn taraftarlar\u0131m\u0131z\u0131n bilmesini istiyorum. Zaten bu sene Muhammet&#8217;i A tak\u0131mda oynatmayan hocada art niyetli olur, y\u00f6netimde art niyetli olur. Muhammet \u015fu anda kamp haz\u0131rl\u0131klar\u0131 i\u00e7in spor salonunda \u00e7al\u0131\u015fmalar\u0131na devam ediyor. Muhammet&#8217;in Be\u015fikta\u015f&#8217;ta oynamas\u0131n\u0131 istiyoruz. Be\u015fikta\u015f Kul\u00fcb\u00fc 2 y\u0131l  Muhammet Demirci i\u00e7in diledi\u011fini yapmaya hakk\u0131na sahiptir. Fon olay\u0131ndan dolay\u0131 Be\u015fikta\u015f y\u00f6netimine her hangi bir k\u0131rg\u0131nl\u0131\u011f\u0131m olmaz. Yaln\u0131z 5-6 y\u0131ld\u0131r Muhammet&#8217;i bekleyen taraftarlar\u0131n onu izlemelerini y\u00fcrekten istiyorum. Param\u0131z yok Muhammet&#8217;i satal\u0131m mant\u0131\u011f\u0131n\u0131 kabul etmiyorum. Bende Muhammet&#8217;i seyrederek zevk almak istiyorum. Muhammet Be\u015fikta\u015f&#8217;\u0131n elindeki \u00f6nemli bir cevheridir. Guti kadar Muhammet&#8217;in de Avrupa&#8217;da bir ismi var. Guti Barcelona&#8217;n\u0131n g\u00fcndeminde de\u011fil ama Muhammet Barcelona&#8217;n\u0131n g\u00fcndeminde. Bunda da ya\u015f\u0131n\u0131n gen\u00e7 olmas\u0131 b\u00fcy\u00fck \u00f6nem ta\u015f\u0131yor. Bu \u015fekilde d\u00fc\u015f\u00fcnd\u00fc\u011f\u00fcm\u00fczde Fon olay\u0131 beni rahats\u0131z etmiyor. Muhammet&#8217;in sat\u0131\u015f halinde bana sorulma mecburiyeti var. &#8221; diyerek s\u00f6zlerini tamamlad\u0131.<\/p>\n<!-- Error, Advert is not available at this time due to schedule\/geolocation restrictions! -->\n","protected":false},"excerpt":{"rendered":"<p>Be\u015fikta\u015f&#8217;\u0131n ele avuca s\u0131\u011fmaz gen\u00e7 y\u0131ld\u0131z\u0131 Muhammed Demirci&#8217;nin y\u00fczde 55&#8217;lik haklar\u0131n\u0131n Be\u015fikta\u015f kul\u00fcb\u00fc taraf\u0131ndan 2 milyon euro kar\u015f\u0131l\u0131\u011f\u0131nda fon \u015firketine verildi\u011fi iddia edildi. \/ Be\u015fikta\u015f Haberleri<\/p>\n","protected":false},"author":4,"featured_media":72446,"comment_status":"open","ping_status":"open","sticky":false,"template":"","format":"standard","meta":{"_acf_changed":false,"footnotes":""},"categories":[6774,6194],"tags":[1748,60673,72851,72852,72853,72854,72855],"class_list":["post-72445","post","type-post","status-publish","format-standard","has-post-thumbnail","hentry","category-futbol","category-spor","tag-besiktas","tag-muhammed-demirci","tag-muhammed-demirci-fon","tag-muhammed-demirci-fon-sirketi","tag-muhammed-demirci-fona-baglandi","tag-seyit-ates","tag-seyit-ates-muhammed-demirci"],"acf":[],"_links":{"self":[{"href":"https:\/\/www.nationalturk.com\/tr\/wp-json\/wp\/v2\/posts\/72445","targetHints":{"allow":["GET"]}}],"collection":[{"href":"https:\/\/www.nationalturk.com\/tr\/wp-json\/wp\/v2\/posts"}],"about":[{"href":"https:\/\/www.nationalturk.com\/tr\/wp-json\/wp\/v2\/types\/post"}],"author":[{"embeddable":true,"href":"https:\/\/www.nationalturk.com\/tr\/wp-json\/wp\/v2\/users\/4"}],"replies":[{"embeddable":true,"href":"https:\/\/www.nationalturk.com\/tr\/wp-json\/wp\/v2\/comments?post=72445"}],"version-history":[{"count":0,"href":"https:\/\/www.nationalturk.com\/tr\/wp-json\/wp\/v2\/posts\/72445\/revisions"}],"wp:featuredmedia":[{"embeddable":true,"href":"https:\/\/www.nationalturk.com\/tr\/wp-json\/wp\/v2\/media\/72446"}],"wp:attachment":[{"href":"https:\/\/www.nationalturk.com\/tr\/wp-json\/wp\/v2\/media?parent=72445"}],"wp:term":[{"taxonomy":"category","embeddable":true,"href":"https:\/\/www.nationalturk.com\/tr\/wp-json\/wp\/v2\/categories?post=72445"},{"taxonomy":"post_tag","embeddable":true,"href":"https:\/\/www.nationalturk.com\/tr\/wp-json\/wp\/v2\/tags?post=72445"}],"curies":[{"name":"wp","href":"https:\/\/api.w.org\/{rel}","templated":true}]}}