{"id":72507,"date":"2011-06-15T12:49:53","date_gmt":"2011-06-15T09:49:53","guid":{"rendered":"http:\/\/www.nationalturk.com\/?p=72507"},"modified":"2011-06-15T12:49:53","modified_gmt":"2011-06-15T09:49:53","slug":"recep-tayyip-erdogan-siyaseti-birakacak-72507","status":"publish","type":"post","link":"https:\/\/www.nationalturk.com\/tr\/recep-tayyip-erdogan-siyaseti-birakacak-72507\/","title":{"rendered":"&#8220;Recep Tayyip Erdo\u011fan 4 y\u0131l sonra siyaseti b\u0131rakacak&#8221;"},"content":{"rendered":"<h1><img loading=\"lazy\" decoding=\"async\" class=\"alignleft size-medium wp-image-72508\" title=\"Ba\u015fbakan Erdo\u011fan\" src=\"http:\/\/www.nationalturk.com\/tr\/wp-content\/uploads\/2011\/06\/erdogan_konusma_istanbul-280x186.jpg\" alt=\"\" width=\"280\" height=\"186\" srcset=\"https:\/\/www.nationalturk.com\/tr\/wp-content\/uploads\/2011\/06\/erdogan_konusma_istanbul-280x186.jpg 280w, https:\/\/www.nationalturk.com\/tr\/wp-content\/uploads\/2011\/06\/erdogan_konusma_istanbul.jpg 500w\" sizes=\"auto, (max-width: 280px) 100vw, 280px\" \/>Radikal gazetesi yazar\u0131 ve ara\u015ft\u0131rmac\u0131 Tarhan Erdem, Ba\u015fbakan Recep Tayyip Erdo\u011fan&#8217;\u0131n Cumhurba\u015fkan\u0131 aday\u0131 olmayaca\u011f\u0131n\u0131, 2015&#8217;teki se\u00e7imlerde siyaseti b\u0131rakaca\u011f\u0131n\u0131 s\u00f6yledi.<\/h1>\n<p>Taraf gazetesinden Ne\u015fe D\u00fczel&#8217;e a\u00e7\u0131klamalarda bulunan Tarhan Erdem, AK Parti t\u00fcz\u00fc\u011f\u00fcne g\u00f6re \u00fcst \u00fcste \u00fc\u00e7 d\u00f6nem milletvekili olunamayaca\u011f\u0131na dair madde oldu\u011funu hat\u0131rlatarak &#8220;Erdo\u011fan siyasete ara vermek zorunda. Zira bu t\u00fcz\u00fc\u011f\u00fc de\u011fi\u015ftiremeceyece\u011fini, \u2018Ben \u00f6yle adamlardan de\u011filim\u2019 diyerek se\u00e7im s\u00fcrecinde tekrar s\u00f6yledi. Cumhurba\u015fkan\u0131 yetkilerini art\u0131rmadan Cumhurba\u015fkan\u0131 olmak istemiyor. Zaten Erdo\u011fan\u2019\u0131n kendisi i\u00e7in ba\u015fkanl\u0131k meselesi \u00e7oktan kapand\u0131. \u00c7\u00fcnk\u00fc tarihler denk gelmedi. Cumhurba\u015fkanl\u0131\u011f\u0131 se\u00e7imi 2014\u2019te yap\u0131lmayacak. 2012\u2019deki se\u00e7ime bir y\u0131l kald\u0131. Bu kadar s\u0131k\u0131\u015f\u0131k bir zaman diliminde anayasay\u0131 ba\u015fkanl\u0131k y\u00f6n\u00fcnden de\u011fi\u015ftiremez. Dolay\u0131s\u0131yla anayasa de\u011fi\u015fikli\u011fi 2012\u2019ye yeti\u015fmez ve Erdo\u011fan bug\u00fcnk\u00fc yetkilerle cumhurba\u015fkan\u0131 olmak istemez&#8221; diye konu\u015ftu.<\/p>\n<p>Tarhan Erdem, Ba\u015fbakan Erdo\u011fan&#8217;\u0131n 4 sene sonra milletvekilli\u011fini b\u0131rakaca\u011f\u0131n\u0131 dile getirerek &#8220;Kendi gelece\u011fini tanzim etmeyen bir Erdo\u011fan hepimiz i\u00e7in \u00e7ok iyi olur.\u00a0Tarihte iz b\u0131rakmak isteyen bir siyaset\u00e7i olarak b\u00fcy\u00fck hizmetler, hamleler ve at\u0131l\u0131mlar yapar. Pe\u015f pe\u015fe projelerle unutulmaz bir lider olmaya \u00e7al\u0131\u015f\u0131r. Erdo\u011fan\u2019\u0131n \u00f6n\u00fcnde 4 y\u0131l var. Bu d\u00f6rt y\u0131lda kimse onu durduramaz, o da kimseyi k\u0131zd\u0131r\u0131r m\u0131y\u0131m k\u0131zd\u0131rmaz m\u0131y\u0131m diye bakmaz ve 2014\u2019e dek \u00e7ok b\u00fcy\u00fck i\u015fler yapabilir. Hem yeni anayasay\u0131 yapan, hem de K\u00fcrt meselesini \u00e7\u00f6zen bir siyaset\u00e7i olarak tarihe ge\u00e7er. G\u00f6receksiniz, Erdo\u011fan 4 y\u0131l sonra siyaseti b\u0131rakacak. \u00c7\u00fcnk\u00fc bu adam\u0131n tarihe ge\u00e7mek, d\u00fcnyada iz b\u0131rakmak d\u00fc\u015f\u00fcncesi her \u015feyin \u00f6n\u00fcne ge\u00e7iyor&#8221; ifadelerini kulland\u0131.<\/p>\n<!-- Error, Advert is not available at this time due to schedule\/geolocation restrictions! -->\n<span style=\"font-weight: bold; color: #f00;\">Error, group does not exist! Check your syntax! (ID: 68)<\/span>\n","protected":false},"excerpt":{"rendered":"<p>Radikal gazetesi yazar\u0131 ve ara\u015ft\u0131rmac\u0131 Tarhan Erdem, Ba\u015fbakan Recep Tayyip Erdo\u011fan&#8217;\u0131n Cumhurba\u015fkan\u0131 aday\u0131 olmayaca\u011f\u0131n\u0131, 2015&#8217;teki se\u00e7imlerde siyaseti b\u0131rakaca\u011f\u0131n\u0131 s\u00f6yledi. <\/p>\n","protected":false},"author":4,"featured_media":72508,"comment_status":"open","ping_status":"open","sticky":false,"template":"","format":"standard","meta":{"_acf_changed":false,"footnotes":""},"categories":[6155,5005,6667,6202,6805],"tags":[3888,14463,787,53044],"class_list":["post-72507","post","type-post","status-publish","format-standard","has-post-thumbnail","hentry","category-gundem","category-manset","category-medya","category-politika","category-turkiye","tag-basbakan-erdogan","tag-nese-duzel","tag-recep-tayyip-erdogan","tag-tarhan-erdem"],"acf":[],"_links":{"self":[{"href":"https:\/\/www.nationalturk.com\/tr\/wp-json\/wp\/v2\/posts\/72507","targetHints":{"allow":["GET"]}}],"collection":[{"href":"https:\/\/www.nationalturk.com\/tr\/wp-json\/wp\/v2\/posts"}],"about":[{"href":"https:\/\/www.nationalturk.com\/tr\/wp-json\/wp\/v2\/types\/post"}],"author":[{"embeddable":true,"href":"https:\/\/www.nationalturk.com\/tr\/wp-json\/wp\/v2\/users\/4"}],"replies":[{"embeddable":true,"href":"https:\/\/www.nationalturk.com\/tr\/wp-json\/wp\/v2\/comments?post=72507"}],"version-history":[{"count":0,"href":"https:\/\/www.nationalturk.com\/tr\/wp-json\/wp\/v2\/posts\/72507\/revisions"}],"wp:featuredmedia":[{"embeddable":true,"href":"https:\/\/www.nationalturk.com\/tr\/wp-json\/wp\/v2\/media\/72508"}],"wp:attachment":[{"href":"https:\/\/www.nationalturk.com\/tr\/wp-json\/wp\/v2\/media?parent=72507"}],"wp:term":[{"taxonomy":"category","embeddable":true,"href":"https:\/\/www.nationalturk.com\/tr\/wp-json\/wp\/v2\/categories?post=72507"},{"taxonomy":"post_tag","embeddable":true,"href":"https:\/\/www.nationalturk.com\/tr\/wp-json\/wp\/v2\/tags?post=72507"}],"curies":[{"name":"wp","href":"https:\/\/api.w.org\/{rel}","templated":true}]}}