{"id":72623,"date":"2011-06-16T11:26:46","date_gmt":"2011-06-16T08:26:46","guid":{"rendered":"http:\/\/www.nationalturk.com\/?p=72623"},"modified":"2011-06-16T11:26:46","modified_gmt":"2011-06-16T08:26:46","slug":"ferudun-tankut-istifa-karabukspor-haberleri-72623","status":"publish","type":"post","link":"https:\/\/www.nationalturk.com\/tr\/ferudun-tankut-istifa-karabukspor-haberleri-72623\/","title":{"rendered":"Fla\u015f! Ferudun Tankut istifa etti! \/ Karab\u00fckspor Haberleri"},"content":{"rendered":"<h1><img loading=\"lazy\" decoding=\"async\" class=\"alignleft size-medium wp-image-72624\" title=\"Ferudun Tankut\" src=\"http:\/\/www.nationalturk.com\/tr\/wp-content\/uploads\/2011\/06\/ferudun_tankut-280x157.jpg\" alt=\"\" width=\"280\" height=\"157\" srcset=\"https:\/\/www.nationalturk.com\/tr\/wp-content\/uploads\/2011\/06\/ferudun_tankut-280x157.jpg 280w, https:\/\/www.nationalturk.com\/tr\/wp-content\/uploads\/2011\/06\/ferudun_tankut.jpg 600w\" sizes=\"auto, (max-width: 280px) 100vw, 280px\" \/>Kardemir \u00c7elik Karab\u00fckspor&#8217;da \u015fok! 9 y\u0131ld\u0131r ba\u015fkanl\u0131k yapan Ferudun Tankut g\u00f6revi b\u0131rakt\u0131\u011f\u0131n\u0131 a\u00e7\u0131klad\u0131. \/ Karab\u00fckspor Haberleri&#8230;<\/h1>\n<p>Tam 9 y\u0131ld\u0131r ba\u015fkanl\u0131\u011f\u0131n\u0131 yapt\u0131\u011f\u0131 Karab\u00fckspor&#8217;u \u00f6nce S\u00fcper Lig&#8217;e \u00e7\u0131karan, ge\u00e7ti\u011fimiz sezon da iyi bir performans g\u00f6steren tak\u0131m\u0131n bir\u00e7ok \u015feyi olan Ferudun Tankut ba\u015fkanl\u0131k g\u00f6revine devam etmeyece\u011fini a\u00e7\u0131klad\u0131. G\u00f6n\u00fcl rahatl\u0131\u011f\u0131 i\u00e7inde g\u00f6revi b\u0131rakt\u0131\u011f\u0131n\u0131 belirten Ferudun Tankut, &#8220;Biraz dinlenmeye ihtiyac\u0131m var. Ailemle de zaman ge\u00e7irmek, biraz dinlenmek istiyorum. Arkamda ligi 9. s\u0131rada tamamlam\u0131\u015f, s\u0131f\u0131r borcu olan, kasas\u0131nda 20 trilyon nakit paras\u0131 olan, transferlerinin \u00e7o\u011funun da ger\u00e7ekle\u015fti\u011fi, kurumsal kimli\u011fi en \u00fcst noktada bir kul\u00fcp b\u0131rak\u0131yorum. Karab\u00fckspor camias\u0131na ve Kardemir \u00e7al\u0131\u015fanlar\u0131na diyece\u011fim \u015fu: Tak\u0131m\u0131n\u0131za i\u00e7ten sahip \u00e7\u0131k\u0131n, yeni ba\u015fkana, yeni y\u00f6netime hep destek olun&#8221; diye konu\u015ftu.<\/p>\n<p>Ferudun Tankut, 3. ligden ald\u0131\u011f\u0131 tak\u0131m\u0131 S\u00fcper Lig&#8217;e ta\u015f\u0131yan ba\u015fkan olarak \u015fehirde ve kul\u00fcpte \u00e7ok seviliyordu.<\/p>\n<!-- Error, Advert is not available at this time due to schedule\/geolocation restrictions! -->\n<!-- Error, Advert is not available at this time due to schedule\/geolocation restrictions! -->\n<p>&nbsp;<\/p>\n","protected":false},"excerpt":{"rendered":"<p>Kardemir \u00c7elik Karab\u00fckspor&#8217;da \u015fok! 9 y\u0131ld\u0131r ba\u015fkanl\u0131k yapan Ferudun Tankut g\u00f6revi b\u0131rakt\u0131\u011f\u0131n\u0131 a\u00e7\u0131klad\u0131. \/ Karab\u00fckspor Haberleri&#8230;<\/p>\n","protected":false},"author":4,"featured_media":72624,"comment_status":"open","ping_status":"open","sticky":false,"template":"","format":"standard","meta":{"_acf_changed":false,"footnotes":""},"categories":[6774,349,6194],"tags":[72986,8457,21072,27427],"class_list":["post-72623","post","type-post","status-publish","format-standard","has-post-thumbnail","hentry","category-futbol","category-son-dakika","category-spor","tag-ferudun-tankut","tag-karabuk","tag-karabukspor","tag-super-lig"],"acf":[],"_links":{"self":[{"href":"https:\/\/www.nationalturk.com\/tr\/wp-json\/wp\/v2\/posts\/72623","targetHints":{"allow":["GET"]}}],"collection":[{"href":"https:\/\/www.nationalturk.com\/tr\/wp-json\/wp\/v2\/posts"}],"about":[{"href":"https:\/\/www.nationalturk.com\/tr\/wp-json\/wp\/v2\/types\/post"}],"author":[{"embeddable":true,"href":"https:\/\/www.nationalturk.com\/tr\/wp-json\/wp\/v2\/users\/4"}],"replies":[{"embeddable":true,"href":"https:\/\/www.nationalturk.com\/tr\/wp-json\/wp\/v2\/comments?post=72623"}],"version-history":[{"count":0,"href":"https:\/\/www.nationalturk.com\/tr\/wp-json\/wp\/v2\/posts\/72623\/revisions"}],"wp:featuredmedia":[{"embeddable":true,"href":"https:\/\/www.nationalturk.com\/tr\/wp-json\/wp\/v2\/media\/72624"}],"wp:attachment":[{"href":"https:\/\/www.nationalturk.com\/tr\/wp-json\/wp\/v2\/media?parent=72623"}],"wp:term":[{"taxonomy":"category","embeddable":true,"href":"https:\/\/www.nationalturk.com\/tr\/wp-json\/wp\/v2\/categories?post=72623"},{"taxonomy":"post_tag","embeddable":true,"href":"https:\/\/www.nationalturk.com\/tr\/wp-json\/wp\/v2\/tags?post=72623"}],"curies":[{"name":"wp","href":"https:\/\/api.w.org\/{rel}","templated":true}]}}