{"id":72822,"date":"2011-06-17T16:27:57","date_gmt":"2011-06-17T13:27:57","guid":{"rendered":"http:\/\/www.nationalturk.com\/?p=72822"},"modified":"2019-03-28T13:32:25","modified_gmt":"2019-03-28T10:32:25","slug":"avrupa-universiteler-arasi-futbol-sampiyonasi-2596","status":"publish","type":"post","link":"https:\/\/www.nationalturk.com\/tr\/avrupa-universiteler-arasi-futbol-sampiyonasi-2596\/","title":{"rendered":"9. Avrupa \u00dcniversiteler Aras\u0131 Futbol \u015eampiyonas\u0131"},"content":{"rendered":"<h2><a href=\"http:\/\/www.nationalturk.com\/tr\/wp-content\/uploads\/2011\/04\/mg-altsayfa.jpg\"><img loading=\"lazy\" decoding=\"async\" class=\"alignleft size-medium wp-image-66211\" title=\"M\u00fcsl\u00fcm G\u00fclhan \" src=\"http:\/\/www.nationalturk.com\/tr\/wp-content\/uploads\/2011\/04\/mg-altsayfa-280x202.jpg\" alt=\"\" width=\"280\" height=\"202\" srcset=\"https:\/\/www.nationalturk.com\/tr\/wp-content\/uploads\/2011\/04\/mg-altsayfa-280x202.jpg 280w, https:\/\/www.nationalturk.com\/tr\/wp-content\/uploads\/2011\/04\/mg-altsayfa.jpg 300w\" sizes=\"auto, (max-width: 280px) 100vw, 280px\" \/><\/a><\/h2>\n<h2>NationalT\u00fcrk yorumcumuz M\u00fcsl\u00fcm G\u00fclhan \u2018\u0131n bu haftaki \u201c9. Avrupa \u00dcniversiteler Aras\u0131 Futbol \u015eampiyonas\u0131\u201d adl\u0131 makalesini sizlerle payla\u015f\u0131yoruz.<\/h2>\n<h3>9. Avrupa \u00dcniversiteler Aras\u0131 Futbol \u015eampiyonas\u0131<\/h3>\n<p>Yaz\u0131 yazarken kendimiz d\u0131\u015f\u0131ndaki olaylar\u0131 yorumlamam\u0131z nedense daha kolay oluyor.<\/p>\n<p>Kendimize ait veya kendimizin i\u00e7inde oldu\u011fu s\u00fcre\u00e7 hakk\u0131ndaki yaz\u0131larda ise s\u0131k\u0131nt\u0131 fazla bas\u0131yor.<\/p>\n<p>Objektif olmak\u2026<\/p>\n<p>D\u00fcr\u00fcst olmak\u2026<\/p>\n<p>Do\u011fruyu anlatmak\u2026<\/p>\n<p>Bu ko\u015fullardan sapmadan yorum yapabilme d\u00fcr\u00fcstl\u00fc\u011f\u00fc biraz zora sapma gibi g\u00f6z\u00fck\u00fcyor.<\/p>\n<p>2001 y\u0131l\u0131nda Hali\u00e7 \u00dcniversitesi&#8217;nde g\u00f6reve ba\u015flad\u0131\u011f\u0131mda 600 \u00f6\u011frencili, iki binal\u0131 bir okul ile kar\u015f\u0131la\u015fm\u0131\u015ft\u0131m.<\/p>\n<p>Benden sadece okuldaki \u00f6\u011frencilerin haftada iki g\u00fcn oynayacaklar\u0131 futbol organizasyonu planlamam\u0131 istemi\u015flerdi.<\/p>\n<p>Buna \u00fc\u00e7 y\u0131l devam etikten sonra, 2004 y\u0131l\u0131nda okul y\u00f6netimine verdi\u011fim planlamada baz\u0131 \u00fctopyalar ortaya koyarak bunlar\u0131n nas\u0131l ger\u00e7ekle\u015fmesi gerekti\u011fini ko\u015fullar\u0131n\u0131n sa\u011flanmas\u0131n\u0131 talep ettim.<\/p>\n<p>\u00dctopyalar:<\/p>\n<p>\u0130stanbul \u015eampiyonlu\u011fu,<\/p>\n<p>T\u00fcrkiye \u015fampiyonlu\u011fu,<\/p>\n<p>Avrupa \u015eampiyonlu\u011fu,<\/p>\n<p>Futbol Sempozyumu,<\/p>\n<p>Avrupa Futbol \u015eampiyonas\u0131na ev sahipli\u011fi,<\/p>\n<p>2011 y\u0131l\u0131nday\u0131z; sonu hari\u00e7 t\u00fcm \u00fctopyalar\u0131 ger\u00e7ekle\u015ftirdik.<\/p>\n<p>Son olarak; 18-28 Haziran 2011 tarihleri aras\u0131nda Avrupa Futbol \u015eampiyonas\u0131&#8217;n\u0131 ger\u00e7ekle\u015ftiriyoruz.<\/p>\n<p>Bunlar\u0131 ba\u015farmak ve s\u00fcrekli k\u0131lmak; kendisinden daha zor oldu\u011fu ka\u00e7\u0131n\u0131lmazd\u0131r.<\/p>\n<p>\u00dcniversite duru\u015fu sergileyerek; sistemli ve prensipli \u00e7al\u0131\u015fman\u0131n getirisini san\u0131r\u0131m fazlas\u0131yla ortaya koymu\u015f durumday\u0131z.<\/p>\n<p>Hem T\u00fcrkiye&#8217;de, hem de Avrupa&#8217;da bir g\u00fc\u00e7 olmak verilen eme\u011fin sonucudur.<\/p>\n<p>Do\u011fru bir metot ortaya koydu\u011fumuzu d\u00fc\u015f\u00fcn\u00fcyorum.<\/p>\n<p>Ama maalesef bu metot sadece bize ait olan yap\u0131d\u0131r; kendi do\u011frular\u0131m\u0131z\u0131 saptayarak planlama yapmak zorunda kald\u0131k ve buna devam edece\u011fiz.<\/p>\n<p>Kendi \u00e7abalar\u0131m\u0131zla yapaca\u011f\u0131m\u0131z bu turnuvada;<\/p>\n<p>11 erkek ve 8 kad\u0131n tak\u0131m\u0131n kat\u0131laca\u011f\u0131 ve yakla\u015f\u0131k 400 ki\u015filik kafilenin a\u011f\u0131rlanaca\u011f\u0131 bu organizasyondaki \u00f6nceli\u011fimiz ba\u015far\u0131l\u0131 ev sahipli\u011fi, sonra ise yapabilece\u011fimiz en iyi dereceyi almakt\u0131r.<\/p>\n<p>Eme\u011fi ge\u00e7en herkese te\u015fekk\u00fcr ediyorum.<\/p>\n<p><strong>M\u00fcsl\u00fcm G\u00dcLHAN<\/strong><\/p>\n<!-- Error, Advert is not available at this time due to schedule\/geolocation restrictions! -->\n","protected":false},"excerpt":{"rendered":"<p>NationalT\u00fcrk yorumcumuz M\u00fcsl\u00fcm G\u00fclhan \u2018\u0131n bu haftaki \u201c9. Avrupa \u00dcniversiteler Aras\u0131 Futbol \u015eampiyonas\u0131\u201d adl\u0131 makalesini sizlerle payla\u015f\u0131yoruz.<\/p>\n","protected":false},"author":9192211,"featured_media":72825,"comment_status":"open","ping_status":"open","sticky":false,"template":"","format":"standard","meta":{"_acf_changed":false,"footnotes":""},"categories":[5005],"tags":[37114,37113,73147,25077,25072],"class_list":["post-72822","post","type-post","status-publish","format-standard","has-post-thumbnail","hentry","category-manset","tag-avrupa-futbol-sampiyonasi","tag-avrupa-universiteler-arasi-futbol-sampiyonasi","tag-avrupa-universiteler-futbol-sampiyonasi","tag-futbol-sampiyonasi","tag-halic-universitesi"],"acf":[],"_links":{"self":[{"href":"https:\/\/www.nationalturk.com\/tr\/wp-json\/wp\/v2\/posts\/72822","targetHints":{"allow":["GET"]}}],"collection":[{"href":"https:\/\/www.nationalturk.com\/tr\/wp-json\/wp\/v2\/posts"}],"about":[{"href":"https:\/\/www.nationalturk.com\/tr\/wp-json\/wp\/v2\/types\/post"}],"author":[{"embeddable":true,"href":"https:\/\/www.nationalturk.com\/tr\/wp-json\/wp\/v2\/users\/9192211"}],"replies":[{"embeddable":true,"href":"https:\/\/www.nationalturk.com\/tr\/wp-json\/wp\/v2\/comments?post=72822"}],"version-history":[{"count":0,"href":"https:\/\/www.nationalturk.com\/tr\/wp-json\/wp\/v2\/posts\/72822\/revisions"}],"wp:featuredmedia":[{"embeddable":true,"href":"https:\/\/www.nationalturk.com\/tr\/wp-json\/wp\/v2\/media\/72825"}],"wp:attachment":[{"href":"https:\/\/www.nationalturk.com\/tr\/wp-json\/wp\/v2\/media?parent=72822"}],"wp:term":[{"taxonomy":"category","embeddable":true,"href":"https:\/\/www.nationalturk.com\/tr\/wp-json\/wp\/v2\/categories?post=72822"},{"taxonomy":"post_tag","embeddable":true,"href":"https:\/\/www.nationalturk.com\/tr\/wp-json\/wp\/v2\/tags?post=72822"}],"curies":[{"name":"wp","href":"https:\/\/api.w.org\/{rel}","templated":true}]}}