{"id":73875,"date":"2011-06-28T10:42:46","date_gmt":"2011-06-28T07:42:46","guid":{"rendered":"http:\/\/www.nationalturk.com\/?p=73875"},"modified":"2011-06-28T10:42:46","modified_gmt":"2011-06-28T07:42:46","slug":"az-kaldi-20-sene-sonra-uzaylilar-ile-tanisiyoruz-73875","status":"publish","type":"post","link":"https:\/\/www.nationalturk.com\/tr\/az-kaldi-20-sene-sonra-uzaylilar-ile-tanisiyoruz-73875\/","title":{"rendered":"Az kald\u0131! Uzayl\u0131larla ilk temas 20 y\u0131l i\u00e7inde"},"content":{"rendered":"<p>&nbsp;<\/p>\n<figure id=\"attachment_73882\" aria-describedby=\"caption-attachment-73882\" style=\"width: 299px\" class=\"wp-caption alignleft\"><img loading=\"lazy\" decoding=\"async\" class=\"size-full wp-image-73882\" src=\"http:\/\/www.nationalturk.com\/tr\/wp-content\/uploads\/2011\/06\/uzaylilar_var_mi_nationalturk_0076.jpg\" alt=\"Uzayl\u0131lar var m\u0131? D\u00fcnya d\u0131\u015f\u0131 ya\u015fam olabilir mi?\" width=\"299\" height=\"272\" title=\"\"><figcaption id=\"caption-attachment-73882\" class=\"wp-caption-text\">Uzayl\u0131lar var m\u0131? D\u00fcnya d\u0131\u015f\u0131 ya\u015fam olabilir mi?<\/figcaption><\/figure>\n<h1>Rusya\u2019n\u0131n en \u00f6nde gelen g\u00f6kbilimcilerinden Andrey Finkelstein, &#8221;insanl\u0131\u011f\u0131n \u00f6n\u00fcm\u00fczdeki 20 y\u0131l i\u00e7inde d\u00fcnya d\u0131\u015f\u0131 uygarl\u0131klarla ilk temas\u0131 kuraca\u011f\u0131n\u0131&#8221;, a\u00e7\u0131klad\u0131.<\/h1>\n<p>Ayn\u0131 zamanda Rusya Bilim Akademisi Uygulamal\u0131 Astronomi Enstit\u00fcs\u00fc Ba\u015fkan\u0131 Finkelstein, \u201cHayat\u0131n ba\u015flang\u0131c\u0131, atomlar\u0131n bir araya gelmesi kadar ka\u00e7\u0131n\u0131lmaz, di\u011fer gezegenlerde ya\u015fam var insano\u011flu 20 y\u0131l i\u00e7inde ba\u015fka gezegenlerdeki ya\u015fam\u0131n varl\u0131\u011f\u0131n\u0131 ke\u015ffedecek\u201d diye konu\u015ftu.<\/p>\n<h2>Uzayl\u0131lar var m\u0131? D\u00fcnya d\u0131\u015f\u0131 ya\u015fam olabilir mi?<\/h2>\n<p>D\u00fcnya d\u0131\u015f\u0131 ya\u015fam ara\u015ft\u0131rmas\u0131 konulu uluslararas\u0131 bir foruma konu\u015fmac\u0131 olarak kat\u0131lan Andrey Finkelstein, \u201cSamanyolu Galaksisi\u2019nde var olan y\u0131ld\u0131zlar\u0131n y\u00f6r\u00fcngesinde bulunan gezegenlerin y\u00fczde 10\u2019unun D\u00fcnya ile ortak \u00f6zellikleri bulundu\u011funa\u201d dikkat \u00e7ekti.<\/p>\n<p>Rus g\u00f6kbilimci, &#8221; bu gezegenlerde su varsa hayat\u0131n da ver olabilece\u011fini, hatta insanlar gibi uzuvlara ve kafaya sahip uzayl\u0131lar\u0131n ya\u015famlar\u0131n\u0131 s\u00fcrd\u00fcr\u00fcyor olmas\u0131n\u0131n da m\u00fcmk\u00fcn oldu\u011funu &#8221; vurgulad\u0131. Andrey Finkelstein, \u201cUzayl\u0131lar\u0131n derilerinin renkleri bizimkinden fark g\u00f6sterebilir. Fakat insanlar\u0131n bile deri renkleri birbirlerinden farkl\u0131\u201d diye ekledi.<\/p>\n<h2>Uzayl\u0131lara mesaj g\u00f6nderme \u00e7abalar\u0131<\/h2>\n<p>Andrey Finkelstein\u2019\u0131n ba\u015f\u0131nda oldu\u011fu astronomi enstit\u00fcs\u00fc, 1960\u2019larda faaliyete ge\u00e7irilen ve uzaydaki radyo sinyallerinin alg\u0131lanmas\u0131n\u0131 ve uzaya radyo sinyalleri g\u00f6nderilmesini y\u00fcr\u00fcten bir program y\u00fcr\u00fct\u00fcyor. Rus g\u00f6kbilimci, &#8221; D\u00fcnya d\u0131\u015f\u0131 uygarl\u0131klar\u0131 arad\u0131\u011f\u0131m\u0131z s\u00fcre zarf\u0131nda, genel olarak uzaydan mesaj gelmesini bekledik ama tersi bir kan\u0131ya kap\u0131lmad\u0131k &#8221; dedi.<\/p>\n<p>ABD Uzay ve Havac\u0131l\u0131k Dairesi (NASA), Mart ay\u0131nda D\u00fcnya\u2019ya d\u00fc\u015fm\u00fc\u015f olan fosillerin i\u00e7inde uzayl\u0131 bakterilerin oldu\u011funu \u00f6ne s\u00fcrm\u00fc\u015ft\u00fc. Uzayl\u0131lar var m\u0131 sorusunun cevab\u0131 belki de yak\u0131n zamanda cevab\u0131n\u0131 bulacak.<\/p>\n<!-- Error, Advert is not available at this time due to schedule\/geolocation restrictions! -->\n<!-- Error, Advert is not available at this time due to schedule\/geolocation restrictions! -->\n","protected":false},"excerpt":{"rendered":"<p>Rusya\u2019n\u0131n en \u00f6nde gelen g\u00f6kbilimcilerinden Andrey Finkelstein, &#8221;insanl\u0131\u011f\u0131n \u00f6n\u00fcm\u00fczdeki 20 y\u0131l i\u00e7inde d\u00fcnya d\u0131\u015f\u0131 uygarl\u0131klarla ilk temas\u0131 kuraca\u011f\u0131n\u0131&#8221;, a\u00e7\u0131klad\u0131<\/p>\n","protected":false},"author":683,"featured_media":73882,"comment_status":"open","ping_status":"open","sticky":false,"template":"","format":"standard","meta":{"_acf_changed":false,"footnotes":""},"categories":[6665,6155,5005,349,6662],"tags":[56221,46582,74020],"class_list":["post-73875","post","type-post","status-publish","format-standard","has-post-thumbnail","hentry","category-dunya","category-gundem","category-manset","category-son-dakika","category-yasam","tag-dunya-disi-yasam","tag-uzayli","tag-uzaylilar"],"acf":[],"_links":{"self":[{"href":"https:\/\/www.nationalturk.com\/tr\/wp-json\/wp\/v2\/posts\/73875","targetHints":{"allow":["GET"]}}],"collection":[{"href":"https:\/\/www.nationalturk.com\/tr\/wp-json\/wp\/v2\/posts"}],"about":[{"href":"https:\/\/www.nationalturk.com\/tr\/wp-json\/wp\/v2\/types\/post"}],"author":[{"embeddable":true,"href":"https:\/\/www.nationalturk.com\/tr\/wp-json\/wp\/v2\/users\/683"}],"replies":[{"embeddable":true,"href":"https:\/\/www.nationalturk.com\/tr\/wp-json\/wp\/v2\/comments?post=73875"}],"version-history":[{"count":0,"href":"https:\/\/www.nationalturk.com\/tr\/wp-json\/wp\/v2\/posts\/73875\/revisions"}],"wp:featuredmedia":[{"embeddable":true,"href":"https:\/\/www.nationalturk.com\/tr\/wp-json\/wp\/v2\/media\/73882"}],"wp:attachment":[{"href":"https:\/\/www.nationalturk.com\/tr\/wp-json\/wp\/v2\/media?parent=73875"}],"wp:term":[{"taxonomy":"category","embeddable":true,"href":"https:\/\/www.nationalturk.com\/tr\/wp-json\/wp\/v2\/categories?post=73875"},{"taxonomy":"post_tag","embeddable":true,"href":"https:\/\/www.nationalturk.com\/tr\/wp-json\/wp\/v2\/tags?post=73875"}],"curies":[{"name":"wp","href":"https:\/\/api.w.org\/{rel}","templated":true}]}}