{"id":74083,"date":"2011-06-29T14:15:39","date_gmt":"2011-06-29T11:15:39","guid":{"rendered":"http:\/\/www.nationalturk.com\/?p=74083"},"modified":"2011-06-29T14:15:39","modified_gmt":"2011-06-29T11:15:39","slug":"basbakan-erdogan-hukumeti-kurma-gorevini-aldi-74083","status":"publish","type":"post","link":"https:\/\/www.nationalturk.com\/tr\/basbakan-erdogan-hukumeti-kurma-gorevini-aldi-74083\/","title":{"rendered":"Ba\u015fbakan Erdo\u011fan g\u00f6revi ald\u0131"},"content":{"rendered":"<h1><img loading=\"lazy\" decoding=\"async\" class=\"size-medium wp-image-74084 alignleft\" title=\"Ba\u015fbakan erdo\u011fan ve G\u00fcl\" src=\"http:\/\/www.nationalturk.com\/tr\/wp-content\/uploads\/2011\/06\/erdogan_gul-280x181.jpg\" alt=\"\" width=\"280\" height=\"181\" srcset=\"https:\/\/www.nationalturk.com\/tr\/wp-content\/uploads\/2011\/06\/erdogan_gul-280x181.jpg 280w, https:\/\/www.nationalturk.com\/tr\/wp-content\/uploads\/2011\/06\/erdogan_gul.jpg 500w\" sizes=\"auto, (max-width: 280px) 100vw, 280px\" \/>D\u00fcn d\u00fczenlenen yemin t\u00f6reninin ard\u0131ndan bug\u00fcn Cumhurba\u015fkan\u0131 Abdullah G\u00fcl, h\u00fck\u00fcmeti kurma g\u00f6revini AK Parti Genel Ba\u015fkan\u0131 Recep Tayyip Erdo\u011fan&#8217;a verdi.<\/h1>\n<p>Recep Tayyip Erdo\u011fan, 4 Temmuz&#8217;da yap\u0131lacak TBMM Ba\u015fkanl\u0131k se\u00e7iminin ard\u0131ndan h\u00fck\u00fcmeti kuracak. Meclis Ba\u015fkan\u0131 se\u00e7iminden sonra siyasi partiler, temsilleri oran\u0131nda Ba\u015fkanl\u0131k Divan\u0131 \u00fcyesi belirleyerek Ba\u015fkanl\u0131\u011fa sunacak.\u00a0TBMM Ba\u015fkanl\u0131k Divan\u0131n\u0131n olu\u015fmas\u0131ndan sonra Meclis&#8217;te 61. H\u00fck\u00fcmet&#8217;in kurulu\u015f ve g\u00fcvenoyu s\u00fcreci ba\u015flayacak.<\/p>\n<!-- Error, Advert is not available at this time due to schedule\/geolocation restrictions! -->\n","protected":false},"excerpt":{"rendered":"<p>D\u00fcn d\u00fczenlenen yemin t\u00f6reninin ard\u0131ndan bug\u00fcn Cumhurba\u015fkan\u0131 Abdullah G\u00fcl, h\u00fck\u00fcmeti kurma g\u00f6revini AK Parti Genel Ba\u015fkan\u0131 Recep Tayyip Erdo\u011fan&#8217;a verdi.<\/p>\n","protected":false},"author":4,"featured_media":188799,"comment_status":"open","ping_status":"open","sticky":false,"template":"","format":"standard","meta":{"_acf_changed":false,"footnotes":""},"categories":[6155,5005,6202,349,6805],"tags":[4343,3888,47221,74172,787],"class_list":["post-74083","post","type-post","status-publish","format-standard","has-post-thumbnail","hentry","category-gundem","category-manset","category-politika","category-son-dakika","category-turkiye","tag-abdullah-gul","tag-basbakan-erdogan","tag-hukumet","tag-hukumeti-kurma-gorevi","tag-recep-tayyip-erdogan"],"acf":[],"_links":{"self":[{"href":"https:\/\/www.nationalturk.com\/tr\/wp-json\/wp\/v2\/posts\/74083","targetHints":{"allow":["GET"]}}],"collection":[{"href":"https:\/\/www.nationalturk.com\/tr\/wp-json\/wp\/v2\/posts"}],"about":[{"href":"https:\/\/www.nationalturk.com\/tr\/wp-json\/wp\/v2\/types\/post"}],"author":[{"embeddable":true,"href":"https:\/\/www.nationalturk.com\/tr\/wp-json\/wp\/v2\/users\/4"}],"replies":[{"embeddable":true,"href":"https:\/\/www.nationalturk.com\/tr\/wp-json\/wp\/v2\/comments?post=74083"}],"version-history":[{"count":0,"href":"https:\/\/www.nationalturk.com\/tr\/wp-json\/wp\/v2\/posts\/74083\/revisions"}],"wp:featuredmedia":[{"embeddable":true,"href":"https:\/\/www.nationalturk.com\/tr\/wp-json\/wp\/v2\/media\/188799"}],"wp:attachment":[{"href":"https:\/\/www.nationalturk.com\/tr\/wp-json\/wp\/v2\/media?parent=74083"}],"wp:term":[{"taxonomy":"category","embeddable":true,"href":"https:\/\/www.nationalturk.com\/tr\/wp-json\/wp\/v2\/categories?post=74083"},{"taxonomy":"post_tag","embeddable":true,"href":"https:\/\/www.nationalturk.com\/tr\/wp-json\/wp\/v2\/tags?post=74083"}],"curies":[{"name":"wp","href":"https:\/\/api.w.org\/{rel}","templated":true}]}}