{"id":74119,"date":"2011-06-29T18:40:20","date_gmt":"2011-06-29T15:40:20","guid":{"rendered":"http:\/\/www.nationalturk.com\/?p=74119"},"modified":"2011-06-29T18:52:30","modified_gmt":"2011-06-29T15:52:30","slug":"ayse-ozyilmazel-ali-taran-evleniyor-magazin-haberleri-74119","status":"publish","type":"post","link":"https:\/\/www.nationalturk.com\/tr\/ayse-ozyilmazel-ali-taran-evleniyor-magazin-haberleri-74119\/","title":{"rendered":"Y\u0131l\u0131n magazin bombas\u0131: Ay\u015fe \u00d6zy\u0131lmazel Ali Taran ile evleniyor!"},"content":{"rendered":"<h1><img loading=\"lazy\" decoding=\"async\" class=\"alignnone size-full wp-image-74127\" title=\"Ay\u015fe \u00d6zy\u0131lmazel\" src=\"http:\/\/www.nationalturk.com\/tr\/wp-content\/uploads\/2011\/06\/ayse_ozyilmazel.jpg\" alt=\"\" width=\"600\" height=\"399\" srcset=\"https:\/\/www.nationalturk.com\/tr\/wp-content\/uploads\/2011\/06\/ayse_ozyilmazel.jpg 600w, https:\/\/www.nationalturk.com\/tr\/wp-content\/uploads\/2011\/06\/ayse_ozyilmazel-280x186.jpg 280w\" sizes=\"auto, (max-width: 600px) 100vw, 600px\" \/><\/h1>\n<h1>Ali Taran Ay\u015fe \u00d6zy\u0131lmazel ile evleniyor! Magazin d\u00fcnyas\u0131 bu evlilik haberiyle \u00e7alkalan\u0131yor. K\u0131sa s\u00fcre \u00f6nce bo\u015fanan reklamc\u0131 Ali Taran Ay\u015fe \u00d6zy\u0131lmazel ile Bodrum&#8217;da evlenecek. \/ Magazin Haberleri&#8230;<\/h1>\n<p>Ge\u00e7ti\u011fimiz ay e\u015finden bo\u015fanan reklamc\u0131 Ali Taran ile \u015fark\u0131c\u0131 yazar Ay\u015fe \u00d6zy\u0131lmazel Cuma g\u00fcn\u00fc Bodrum&#8217;daki bir villada nikah k\u0131yacak. Ali Taran d\u00fcn gazetelere &#8220;Evlili\u011fi seviyorum. Her an evlenebilirim&#8221; demi\u015fti.<\/p>\n<p>21 y\u0131ll\u0131k e\u015fi Selma Taran&#8217;dan bo\u015fanan Ali Taran&#8217;\u0131n ismi magazin haberlerinde H\u00fclya Av\u015far ile de an\u0131l\u0131yordu. Ay\u015fe \u00d6zy\u0131lmazel ise k\u00f6\u015fesinde ve Twitter&#8217;da L\u00fcbnanl\u0131 sevgilisinden bahsediyordu. \u00d6zy\u0131lmazel&#8217;in bu yaz\u0131lar\u0131 evlili\u011fi gizlemek i\u00e7in yazd\u0131\u011f\u0131 \u00f6\u011frenildi.<\/p>\n<p><strong>Evlilik haberine medyada ilk yazan isim ise H\u00fcrriyet gazetesinden Cengiz Semercio\u011flu oldu&#8230;<\/strong><\/p>\n<p>Twitter&#8217;da g\u00fcn\u00fcn konusu Ay\u015fe \u00d6zy\u0131lmazel ve Ali Taran!<\/p>\n<p>\u0130\u015fte Twitter&#8217;da yaz\u0131lanlardan baz\u0131lar\u0131;<\/p>\n<p>Bence Ayse ile Ali Taran&#8217;\u0131n evlenmesi konusunda yorum yapmaya gerek yok, resimlerini yan yana koymak yeterli.<\/p>\n<p>Ali Taran ile Ay\u015fe \u00d6zy\u0131lmazerlin evlilik haberi Ali Taran&#8217;\u0131 Worlwide&#8217;a ta\u015f\u0131d\u0131. Hugh Hefner&#8217;\u0131n ayr\u0131l\u0131k haberinin yerine Ali Taran oturdu&#8230;<\/p>\n<p>Kanser hastas\u0131 kar\u0131s\u0131n\u0131 b\u0131rak\u0131p, Ay\u015fe \u00d6zy\u0131lmazel&#8217;le evlilik haz\u0131rl\u0131klar\u0131 yapan Ali Taran..T\u00fcrkiye&#8217;nin yetene\u011fi Sen&#8217;mi\u015fsin de haberimiz yok..<\/p>\n<p>Ayse ile ali taran&#8217;i yakistirdim ben. Yas farki oyle manyakca bir sey degil. Cok uc yorumlar yapiyorsunuz, basiniZa gelir bak.<\/p>\n<p>ayse \u00f6zy\u0131lmazel-ali taran hay\u0131r hay\u0131r olamaz inanmam&#8230;. g\u00f6rmeden inanmam&#8230;<\/p>\n<p>Ali Taran \u00f6ld\u00fc m\u00fc ya? \u00c7\u00fcnk\u00fc bunun d\u0131\u015f\u0131nda bir ihtimalle &#8216;Trend&#8217; olmas\u0131 ne kadar ac\u0131.<\/p>\n<p>Ali Taran ve Ay\u015fe \u00d6zy\u0131lmazel evleniyorsa, bende avril&#8217;la a\u015fk\u0131m\u0131 ilan edebilirim art\u0131k..Bunlar\u0131 g\u00f6r\u00fcnce kabul eder teklifimi art\u0131k. .<\/p>\n<p>1979 Do\u011fumlu Ay\u015fe \u00d6zy\u0131lmazel 1952 Do\u011fumlu Ali Taran ile evleniyormu\u015f. Mutlu olsunlar d\u00fc\u011f\u00fcn hediyesi olarak Terazi g\u00f6nderece\u011fim.<\/p>\n<!-- Error, Advert is not available at this time due to schedule\/geolocation restrictions! -->\n<!-- Error, Advert is not available at this time due to schedule\/geolocation restrictions! -->\n","protected":false},"excerpt":{"rendered":"<p>Ali Taran Ay\u015fe \u00d6zy\u0131lmazel ile evleniyor! Magazin d\u00fcnyas\u0131 bu evlilik haberiyle \u00e7alkalan\u0131yor. K\u0131sa s\u00fcre \u00f6nce bo\u015fanan reklamc\u0131 Ali Taran Ay\u015fe \u00d6zy\u0131lmazel ile Bodrum&#8217;da evlenecek. \/ Magazin Haberleri&#8230;<\/p>\n","protected":false},"author":4,"featured_media":74127,"comment_status":"open","ping_status":"open","sticky":false,"template":"","format":"standard","meta":{"_acf_changed":false,"footnotes":""},"categories":[6232,5005,6805],"tags":[74193,74195,74196,35300,74194,74191,74192,195945],"class_list":["post-74119","post","type-post","status-publish","format-standard","has-post-thumbnail","hentry","category-magazin","category-manset","category-turkiye","tag-ali-taran-ayse-ozyilmazel","tag-ali-taran-bosandi","tag-ali-taran-evleniyor","tag-ayse-ozyilmazel","tag-ayse-ozyilmazel-ali-taran","tag-ayse-ozyilmazel-evleniyor","tag-ayse-ozyilmazel-evlilik","tag-magazin"],"acf":[],"_links":{"self":[{"href":"https:\/\/www.nationalturk.com\/tr\/wp-json\/wp\/v2\/posts\/74119","targetHints":{"allow":["GET"]}}],"collection":[{"href":"https:\/\/www.nationalturk.com\/tr\/wp-json\/wp\/v2\/posts"}],"about":[{"href":"https:\/\/www.nationalturk.com\/tr\/wp-json\/wp\/v2\/types\/post"}],"author":[{"embeddable":true,"href":"https:\/\/www.nationalturk.com\/tr\/wp-json\/wp\/v2\/users\/4"}],"replies":[{"embeddable":true,"href":"https:\/\/www.nationalturk.com\/tr\/wp-json\/wp\/v2\/comments?post=74119"}],"version-history":[{"count":0,"href":"https:\/\/www.nationalturk.com\/tr\/wp-json\/wp\/v2\/posts\/74119\/revisions"}],"wp:featuredmedia":[{"embeddable":true,"href":"https:\/\/www.nationalturk.com\/tr\/wp-json\/wp\/v2\/media\/74127"}],"wp:attachment":[{"href":"https:\/\/www.nationalturk.com\/tr\/wp-json\/wp\/v2\/media?parent=74119"}],"wp:term":[{"taxonomy":"category","embeddable":true,"href":"https:\/\/www.nationalturk.com\/tr\/wp-json\/wp\/v2\/categories?post=74119"},{"taxonomy":"post_tag","embeddable":true,"href":"https:\/\/www.nationalturk.com\/tr\/wp-json\/wp\/v2\/tags?post=74119"}],"curies":[{"name":"wp","href":"https:\/\/api.w.org\/{rel}","templated":true}]}}