{"id":74643,"date":"2011-07-04T15:08:53","date_gmt":"2011-07-04T12:08:53","guid":{"rendered":"http:\/\/www.nationalturk.com\/?p=74643"},"modified":"2026-04-26T13:20:57","modified_gmt":"2026-04-26T10:20:57","slug":"tbmm-kavga-baskanlik-secimi-kamer-genc-oktay-eksi-canikli-video-74643","status":"publish","type":"post","link":"https:\/\/www.nationalturk.com\/tr\/tbmm-kavga-baskanlik-secimi-kamer-genc-oktay-eksi-canikli-video-74643\/","title":{"rendered":"Mecliste ilk gerginlik! Kamer Gen\u00e7 ve Canikli tart\u0131\u015ft\u0131 (Video)"},"content":{"rendered":"<h1><img loading=\"lazy\" decoding=\"async\" class=\"alignleft size-medium wp-image-74645\" title=\"Kamer Gen\u00e7\" src=\"http:\/\/www.nationalturk.com\/tr\/wp-content\/uploads\/2011\/07\/kamergenc_tartisma-280x158.jpg\" alt=\"\" width=\"280\" height=\"158\" srcset=\"https:\/\/www.nationalturk.com\/tr\/wp-content\/uploads\/2011\/07\/kamergenc_tartisma-280x158.jpg 280w, https:\/\/www.nationalturk.com\/tr\/wp-content\/uploads\/2011\/07\/kamergenc_tartisma.jpg 599w\" sizes=\"auto, (max-width: 280px) 100vw, 280px\" \/>TBMM Ba\u015fkanl\u0131k se\u00e7imi ilk tur oylamas\u0131 sona erdikten sonra CHP&#8217;li Kamer Gen\u00e7, isimlerinin okunmamas\u0131 nedeniyle ge\u00e7ici ba\u015fkan CHP&#8217;li Oktay Ek\u015fi&#8217;ye tepki g\u00f6sterip AKP&#8217;li Nurettin Canikli ile tart\u0131\u015ft\u0131.<\/h1>\n<p>En ya\u015fl\u0131 \u00fcye s\u0131fat\u0131yla TBMM Genel Kurulu&#8217;na ba\u015fkanl\u0131k eden CHP \u0130stanbul Milletvekili Oktay Ek\u015fi oturumu y\u00f6netirken ba\u015fkanl\u0131k se\u00e7imi i\u00e7in birinci tur oylamas\u0131 sona erdi.<\/p>\n<p>CHP Tunceli Milletvekili Kamer Gen\u00e7, ba\u015fkanl\u0131k k\u00fcrs\u00fcs\u00fcne do\u011fru giderek meclis i\u00e7 t\u00fcz\u00fc\u011f\u00fcnde oy kullanamamalar\u0131 y\u00f6n\u00fcnde bir h\u00fck\u00fcm olmad\u0131\u011f\u0131n\u0131 iddia etti ve neden isimlerinin okunmad\u0131\u011f\u0131n\u0131 sordu. Oktay Ek\u015fi de yemin etmeyen milletvekillerinin oy kullanma hakk\u0131n\u0131n da olmad\u0131\u011f\u0131n\u0131 belirtti.<\/p>\n<p>Kamer Gen\u00e7 i\u00e7 t\u00fcz\u00fck ve anayasa maddelerini hat\u0131rlatarak konu\u015fmas\u0131na devam ederken &#8220;\u0130sterseniz k\u00fcrs\u00fcde anlatay\u0131m&#8221; deyince AKP&#8217;li Nurettin Canikli tepki g\u00f6sterdi. Aya\u011fa kalkan Canikli &#8220;Say\u0131n ba\u015fkan b\u00f6yle bir konu\u015fma yapmaya hakk\u0131 yok&#8221; dedi. Kamer Gen\u00e7&#8217;in cevab\u0131 ise &#8220;Dur bir dakika, dinle. Otur yerine&#8221; oldu.<\/p>\n<p>Kamer Gen\u00e7&#8217;in &#8220;Ben birinci birle\u015fimde vard\u0131m ama yemin etmedim. Yemin etmememizin nedeni bug\u00fcn 8 milletvekilimizin engellenmesidir&#8221; diye konu\u015fmas\u0131na devam etmesi \u00fczerine Nurettin Canikli yeniden araya girince ikili a\u011f\u0131z dala\u015f\u0131na girdi. G\u00fcr\u00fclt\u00fcye ra\u011fmen konu\u015fmas\u0131n\u0131 s\u00fcrd\u00fcren Gen\u00e7, &#8220;Milletvekili olarak buraday\u0131z. Bizim de ismimizi okumak zorundas\u0131n\u0131z. Oy kullan\u0131r\u0131m kullanmam&#8221; dedi.<\/p>\n<p>Oktay Ek\u015fi ise &#8220;Say\u0131n Gen\u00e7, m\u00fctalaalar\u0131n\u0131z\u0131 dinledim. Kayda ge\u00e7ti. Oylama i\u015flemi tamamlanm\u0131\u015ft\u0131r, \u00e7al\u0131\u015fmalar\u0131m\u0131za devam ediyoruz&#8221; kar\u015f\u0131l\u0131\u011f\u0131n\u0131 verince AKP s\u0131ralar\u0131ndan alk\u0131\u015flar y\u00fckseldi.<\/p>\n[tube]http:\/\/www.youtube.com\/watch?v=skCMcngHm8c[\/tube]\n<!-- Error, Advert is not available at this time due to schedule\/geolocation restrictions! -->\n<!-- Error, Advert is not available at this time due to schedule\/geolocation restrictions! -->\n<p>TBMM Kavga,\u00a0TBMM kavgalar\u0131, Nurettin Canikli, Oktay Ek\u015fi, Kamer Gen\u00e7 ,Kamer Gen\u00e7 Kavga, Kamer Gen\u00e7 tart\u0131\u015fma, Nurettin Canikli Kamer Gen\u00e7, Oktay Ek\u015fi Kamer Gen\u00e7, CHP, AKP, Kamer \u00a0Gen\u00e7 Nurettin Canikli kavga, TBMM Ba\u015fkanl\u0131k Se\u00e7imi<\/p>\n","protected":false},"excerpt":{"rendered":"<p>TBMM Ba\u015fkanl\u0131k se\u00e7imi ilk tur oylamas\u0131 sona erdikten sonra CHP&#8217;li Kamer Gen\u00e7, isimlerinin okunmamas\u0131 nedeniyle ge\u00e7ici ba\u015fkan CHP&#8217;li Oktay Ek\u015fi&#8217;ye tepki g\u00f6sterip AKP&#8217;li Nurettin Canikli ile tart\u0131\u015ft\u0131.<\/p>\n","protected":false},"author":4,"featured_media":188735,"comment_status":"open","ping_status":"open","sticky":false,"template":"","format":"standard","meta":{"_acf_changed":false,"footnotes":""},"categories":[6155,5005,6202,6805,342],"tags":[9476,8723,11850,22061,22042,8726,74547,13956,74532,15169,4134],"class_list":["post-74643","post","type-post","status-publish","format-standard","has-post-thumbnail","hentry","category-gundem","category-manset","category-politika","category-turkiye","category-video","tag-akp","tag-chp","tag-kamer-genc","tag-kamer-genc-kavga","tag-kamer-genc-tartisma","tag-nurettin-canikli","tag-nurettin-canikli-kamer-genc","tag-oktay-eksi","tag-tbmm-baskanlik-secimi","tag-tbmm-kavga","tag-tunceli"],"acf":[],"_links":{"self":[{"href":"https:\/\/www.nationalturk.com\/tr\/wp-json\/wp\/v2\/posts\/74643","targetHints":{"allow":["GET"]}}],"collection":[{"href":"https:\/\/www.nationalturk.com\/tr\/wp-json\/wp\/v2\/posts"}],"about":[{"href":"https:\/\/www.nationalturk.com\/tr\/wp-json\/wp\/v2\/types\/post"}],"author":[{"embeddable":true,"href":"https:\/\/www.nationalturk.com\/tr\/wp-json\/wp\/v2\/users\/4"}],"replies":[{"embeddable":true,"href":"https:\/\/www.nationalturk.com\/tr\/wp-json\/wp\/v2\/comments?post=74643"}],"version-history":[{"count":1,"href":"https:\/\/www.nationalturk.com\/tr\/wp-json\/wp\/v2\/posts\/74643\/revisions"}],"predecessor-version":[{"id":308732,"href":"https:\/\/www.nationalturk.com\/tr\/wp-json\/wp\/v2\/posts\/74643\/revisions\/308732"}],"wp:featuredmedia":[{"embeddable":true,"href":"https:\/\/www.nationalturk.com\/tr\/wp-json\/wp\/v2\/media\/188735"}],"wp:attachment":[{"href":"https:\/\/www.nationalturk.com\/tr\/wp-json\/wp\/v2\/media?parent=74643"}],"wp:term":[{"taxonomy":"category","embeddable":true,"href":"https:\/\/www.nationalturk.com\/tr\/wp-json\/wp\/v2\/categories?post=74643"},{"taxonomy":"post_tag","embeddable":true,"href":"https:\/\/www.nationalturk.com\/tr\/wp-json\/wp\/v2\/tags?post=74643"}],"curies":[{"name":"wp","href":"https:\/\/api.w.org\/{rel}","templated":true}]}}