{"id":74673,"date":"2011-07-04T17:21:21","date_gmt":"2011-07-04T14:21:21","guid":{"rendered":"http:\/\/www.nationalturk.com\/?p=74673"},"modified":"2011-07-04T17:21:21","modified_gmt":"2011-07-04T14:21:21","slug":"anayasa-akp-mhp-ittifaki-74673","status":"publish","type":"post","link":"https:\/\/www.nationalturk.com\/tr\/anayasa-akp-mhp-ittifaki-74673\/","title":{"rendered":"Ba\u015fbakan a\u00e7\u0131klad\u0131, AKP MHP ittifak\u0131 ger\u00e7ek oluyor"},"content":{"rendered":"<h1><img loading=\"lazy\" decoding=\"async\" class=\"alignleft size-large wp-image-74675\" title=\"Ba\u015fbakan Erdo\u011fan\" src=\"http:\/\/www.nationalturk.com\/tr\/wp-content\/uploads\/2011\/07\/erdogan_tbmm_oy-329x400.jpg\" alt=\"\" width=\"263\" height=\"320\" srcset=\"https:\/\/www.nationalturk.com\/tr\/wp-content\/uploads\/2011\/07\/erdogan_tbmm_oy-329x400.jpg 329w, https:\/\/www.nationalturk.com\/tr\/wp-content\/uploads\/2011\/07\/erdogan_tbmm_oy-181x220.jpg 181w, https:\/\/www.nationalturk.com\/tr\/wp-content\/uploads\/2011\/07\/erdogan_tbmm_oy.jpg 412w\" sizes=\"auto, (max-width: 263px) 100vw, 263px\" \/>\u0130lk olarak The Economist dergisinin g\u00fcndeme getirdi\u011fi anayasa \u00e7al\u0131\u015fmalar\u0131nda AKP MHP ittifak\u0131 ger\u00e7ek oluyor. Ba\u015fbakan Erdo\u011fan, Cemil \u00c7i\u00e7ek&#8217;in TBMM Ba\u015fkan\u0131 se\u00e7ilmesinin ard\u0131ndan \u00f6nemli a\u00e7\u0131klamalar yapt\u0131.<\/h1>\n<p>Ba\u015fbakan Recep Tayyip Erdo\u011fan, MHP ile ortak bir ak\u0131l olu\u015fturduklar\u0131 takdirde Anayasa \u00e7al\u0131\u015fmalar\u0131na ili\u015fkin verdikleri s\u00f6z\u00fc yerine getirebileceklerini belirterek &#8220;CHP&#8217;nin anamuhalefet partisi olarak bu \u00e7al\u0131\u015fman\u0131n i\u00e7inde bulunmas\u0131 en b\u00fcy\u00fck arzumuzdur. Demokratik parlamenter sisteme g\u00fc\u00e7 katmas\u0131 a\u00e7\u0131s\u0131ndan da \u00f6nemlidir ama \u015fu ana kadar tak\u0131nd\u0131klar\u0131 tav\u0131r yanl\u0131\u015f bir tav\u0131rd\u0131r&#8221; diye konu\u015ftu.<\/p>\n<!-- Error, Advert is not available at this time due to schedule\/geolocation restrictions! -->\n<!-- Error, Advert is not available at this time due to schedule\/geolocation restrictions! -->\n<p>AKP, MHP, AKP MHP ittifak\u0131, Yeni anayasa, Recep Tayyip Erdo\u011fan MHP a\u00e7\u0131klamas\u0131, Ba\u015fbakan Erdo\u011fan, AKP MHP, AKP MHP Anayasa ittifak, Erdo\u011fan, Ba\u015fbakan Erdo\u011fan MHP<\/p>\n","protected":false},"excerpt":{"rendered":"<p>\u0130lk olarak The Economist dergisinin g\u00fcndeme getirdi\u011fi anayasa \u00e7al\u0131\u015fmalar\u0131nda AKP MHP ittifak\u0131 ger\u00e7ek oluyor. Ba\u015fbakan Erdo\u011fan, Cemil \u00c7i\u00e7ek&#8217;in TBMM Ba\u015fkan\u0131 se\u00e7ilmesinin ard\u0131ndan \u00f6nemli a\u00e7\u0131klamalar yapt\u0131.<\/p>\n","protected":false},"author":4,"featured_media":188733,"comment_status":"open","ping_status":"open","sticky":false,"template":"","format":"standard","meta":{"_acf_changed":false,"footnotes":""},"categories":[6155,5005,6202,349,6805],"tags":[9476,74573,3888,10829,46157],"class_list":["post-74673","post","type-post","status-publish","format-standard","has-post-thumbnail","hentry","category-gundem","category-manset","category-politika","category-son-dakika","category-turkiye","tag-akp","tag-akp-mhp","tag-basbakan-erdogan","tag-mhp","tag-yeni-anayasa"],"acf":[],"_links":{"self":[{"href":"https:\/\/www.nationalturk.com\/tr\/wp-json\/wp\/v2\/posts\/74673","targetHints":{"allow":["GET"]}}],"collection":[{"href":"https:\/\/www.nationalturk.com\/tr\/wp-json\/wp\/v2\/posts"}],"about":[{"href":"https:\/\/www.nationalturk.com\/tr\/wp-json\/wp\/v2\/types\/post"}],"author":[{"embeddable":true,"href":"https:\/\/www.nationalturk.com\/tr\/wp-json\/wp\/v2\/users\/4"}],"replies":[{"embeddable":true,"href":"https:\/\/www.nationalturk.com\/tr\/wp-json\/wp\/v2\/comments?post=74673"}],"version-history":[{"count":0,"href":"https:\/\/www.nationalturk.com\/tr\/wp-json\/wp\/v2\/posts\/74673\/revisions"}],"wp:featuredmedia":[{"embeddable":true,"href":"https:\/\/www.nationalturk.com\/tr\/wp-json\/wp\/v2\/media\/188733"}],"wp:attachment":[{"href":"https:\/\/www.nationalturk.com\/tr\/wp-json\/wp\/v2\/media?parent=74673"}],"wp:term":[{"taxonomy":"category","embeddable":true,"href":"https:\/\/www.nationalturk.com\/tr\/wp-json\/wp\/v2\/categories?post=74673"},{"taxonomy":"post_tag","embeddable":true,"href":"https:\/\/www.nationalturk.com\/tr\/wp-json\/wp\/v2\/tags?post=74673"}],"curies":[{"name":"wp","href":"https:\/\/api.w.org\/{rel}","templated":true}]}}