{"id":74850,"date":"2011-07-06T11:14:33","date_gmt":"2011-07-06T08:14:33","guid":{"rendered":"http:\/\/www.nationalturk.com\/?p=74850"},"modified":"2011-07-06T11:17:47","modified_gmt":"2011-07-06T08:17:47","slug":"sike-sorusturmasi-son-dakika-aziz-yildirim-adliye-74850","status":"publish","type":"post","link":"https:\/\/www.nationalturk.com\/tr\/sike-sorusturmasi-son-dakika-aziz-yildirim-adliye-74850\/","title":{"rendered":"(Video) Aziz Y\u0131ld\u0131r\u0131m hari\u00e7 herkes adliyede \/ \u015eike Soru\u015fturmas\u0131 son dakika"},"content":{"rendered":"<h1><img loading=\"lazy\" decoding=\"async\" class=\"alignleft size-medium wp-image-74851\" title=\"Mecnun Odyakmaz Adliye\" src=\"http:\/\/www.nationalturk.com\/tr\/wp-content\/uploads\/2011\/07\/mecnun_odyakmaz_adliye-280x186.jpg\" alt=\"\" width=\"280\" height=\"186\" srcset=\"https:\/\/www.nationalturk.com\/tr\/wp-content\/uploads\/2011\/07\/mecnun_odyakmaz_adliye-280x186.jpg 280w, https:\/\/www.nationalturk.com\/tr\/wp-content\/uploads\/2011\/07\/mecnun_odyakmaz_adliye.jpg 500w\" sizes=\"auto, (max-width: 280px) 100vw, 280px\" \/>\u015eike soru\u015fturmas\u0131 kapsam\u0131nda g\u00f6zalt\u0131na al\u0131nan ki\u015filerin adliyeye sevki devam ediyor. Aziz Y\u0131ld\u0131r\u0131m haricindeki t\u00fcm g\u00f6zalt\u0131ndaki isimlerin adliyeye sevk edildi\u011fi \u00f6\u011frenildi. \u015eike soru\u015fturmas\u0131 son dakika haberleri&#8230; \/ Video&#8230;<\/h1>\n<p>Emniyet m\u00fcd\u00fcrl\u00fc\u011f\u00fcnde sorgular\u0131 ve i\u015flemleri tamamlanan, aralar\u0131nda Fenerbah\u00e7eli y\u00f6neticiler \u015eekip Mosturo\u011flu, \u0130lhan Ek\u015fio\u011flu, futbolcular Sezer \u00d6zt\u00fcrk, Korcan \u00c7elikay, Emmanuel Emenike, Sivasspor Ba\u015fkan\u0131 Mecnun Odyakmaz, Eski\u015fehirspor Teknik Direkt\u00f6r\u00fc B\u00fclent Uygun&#8217;un da bulundu\u011fu ki\u015filer Be\u015fikta\u015f&#8217;taki \u0130stanbul Adliyesine getirildi.<\/p>\n<p>\u015eah\u0131slar\u0131n getirili\u015fi \u00f6ncesinde adliye \u00e7evresinde geni\u015f g\u00fcvenlik \u00f6nlemi al\u0131nd\u0131. Sivil polis arac\u0131yla adliyeye getirilen soru\u015fturma dosyalar\u0131, el arabas\u0131yla adliyeye al\u0131nd\u0131. Eski\u015fehirspor Teknik Direkt\u00f6r\u00fc B\u00fclent Uygun gazetecilere &#8220;Ad\u0131m\u0131z\u0131 \u00e7\u0131kard\u0131lar ad\u0131m\u0131z\u0131&#8221; diye ba\u011f\u0131rd\u0131.<\/p>\n<p>D\u00fcn anjiyo olan Fenerbah\u00e7e Ba\u015fkan\u0131 Aziz Y\u0131ld\u0131r\u0131m&#8217;\u0131n da bug\u00fcn ak\u015fam saatlerinde adliyeye sevk edilmesi bekleniyor.<\/p>\n[media id=1374 width=610 height=340]\n<!-- Error, Advert is not available at this time due to schedule\/geolocation restrictions! -->\n<!-- Error, Advert is not available at this time due to schedule\/geolocation restrictions! -->\n<!-- Error, Advert is not available at this time due to schedule\/geolocation restrictions! -->\n<p>&nbsp;<\/p>\n<p>\u015eike Soru\u015fturmas\u0131, \u015fike soru\u015fturmas\u0131 son dakika, \u015fike soru\u015fturmas\u0131 haberleri, \u015fike haberleri, \u015fike son dakika, \u015eike haberleri, Emenike adliye, B\u00fclent Uygun, B\u00fclent Uygun adliye, Korcan \u00c7elikay, \u015eekip Mosturo\u011flu, Fenerbah\u00e7e \u015fike, Fenerbah\u00e7e \u015fike haberleri, Son dakika \u015fike haberleri, Fenerbah\u00e7e Haberleri<\/p>\n","protected":false},"excerpt":{"rendered":"<p>\u015eike soru\u015fturmas\u0131 kapsam\u0131nda g\u00f6zalt\u0131na al\u0131nan ki\u015filerin adliyeye sevki devam ediyor. Aziz Y\u0131ld\u0131r\u0131m haricindeki t\u00fcm g\u00f6zalt\u0131ndaki isimlerin adliyeye sevk edildi\u011fi \u00f6\u011frenildi. \u015eike soru\u015fturmas\u0131 son dakika haberleri&#8230; \/ Video&#8230;<\/p>\n","protected":false},"author":4,"featured_media":188716,"comment_status":"open","ping_status":"open","sticky":false,"template":"","format":"standard","meta":{"_acf_changed":false,"footnotes":""},"categories":[6774,6155,5005,349,6194,342],"tags":[27426,74672,9949,9287,39260,74522,19436,74736],"class_list":["post-74850","post","type-post","status-publish","format-standard","has-post-thumbnail","hentry","category-futbol","category-gundem","category-manset","category-son-dakika","category-spor","category-video","tag-bulent-uygun","tag-bulent-uygun-adliye","tag-fenerbahce-sike","tag-korcan-celikay","tag-sekip-mosturoglu","tag-sike-son-dakika","tag-sike-sorusturmasi","tag-sike-sorusturmasi-son-dakika"],"acf":[],"_links":{"self":[{"href":"https:\/\/www.nationalturk.com\/tr\/wp-json\/wp\/v2\/posts\/74850","targetHints":{"allow":["GET"]}}],"collection":[{"href":"https:\/\/www.nationalturk.com\/tr\/wp-json\/wp\/v2\/posts"}],"about":[{"href":"https:\/\/www.nationalturk.com\/tr\/wp-json\/wp\/v2\/types\/post"}],"author":[{"embeddable":true,"href":"https:\/\/www.nationalturk.com\/tr\/wp-json\/wp\/v2\/users\/4"}],"replies":[{"embeddable":true,"href":"https:\/\/www.nationalturk.com\/tr\/wp-json\/wp\/v2\/comments?post=74850"}],"version-history":[{"count":0,"href":"https:\/\/www.nationalturk.com\/tr\/wp-json\/wp\/v2\/posts\/74850\/revisions"}],"wp:featuredmedia":[{"embeddable":true,"href":"https:\/\/www.nationalturk.com\/tr\/wp-json\/wp\/v2\/media\/188716"}],"wp:attachment":[{"href":"https:\/\/www.nationalturk.com\/tr\/wp-json\/wp\/v2\/media?parent=74850"}],"wp:term":[{"taxonomy":"category","embeddable":true,"href":"https:\/\/www.nationalturk.com\/tr\/wp-json\/wp\/v2\/categories?post=74850"},{"taxonomy":"post_tag","embeddable":true,"href":"https:\/\/www.nationalturk.com\/tr\/wp-json\/wp\/v2\/tags?post=74850"}],"curies":[{"name":"wp","href":"https:\/\/api.w.org\/{rel}","templated":true}]}}