{"id":75091,"date":"2011-07-08T11:18:03","date_gmt":"2011-07-08T08:18:03","guid":{"rendered":"http:\/\/www.nationalturk.com\/?p=75091"},"modified":"2011-07-08T11:18:03","modified_gmt":"2011-07-08T08:18:03","slug":"istanbul-en-onemli-kultur-destinasyonu-secildi-75091","status":"publish","type":"post","link":"https:\/\/www.nationalturk.com\/tr\/istanbul-en-onemli-kultur-destinasyonu-secildi-75091\/","title":{"rendered":"\u0130stanbul ve Roma &#8216;ya b\u00fcy\u00fck \u00f6d\u00fcl : En iyi K\u00fclt\u00fcr \u015eehirleri"},"content":{"rendered":"<figure id=\"attachment_75106\" aria-describedby=\"caption-attachment-75106\" style=\"width: 610px\" class=\"wp-caption alignnone\"><img loading=\"lazy\" decoding=\"async\" class=\"size-full wp-image-75106\" title=\"roma_istanbul_kultur_sehri_odul_nationalturk_007\" src=\"http:\/\/www.nationalturk.com\/tr\/wp-content\/uploads\/2011\/07\/roma_istanbul_kultur_sehri_odul_nationalturk_007.jpg\" alt=\"\u0130stanbul ve Roma : K\u00fclt\u00fcr ba\u015fkentleri\" width=\"610\" height=\"340\" \/><figcaption id=\"caption-attachment-75106\" class=\"wp-caption-text\">\u0130stanbul ve Roma : En \u0130yi K\u00fclt\u00fcr \u015eehirleri<\/figcaption><\/figure>\n<h1>\u0130ngiliz Daily Telegraph gazetesi, ingiliz vatanda\u015flar\u0131 ve tur operat\u00f6rleri, \u0130stanbul&#8217;u &#8220;En \u0130yi K\u00fclt\u00fcr \u015eehri&#8221; ve &#8220;En B\u00fcy\u00fck K\u00fclt\u00fcrel Destinasyon&#8221; alanlar\u0131nda Roma&#8217;dan sonra ikinci se\u00e7erek onurland\u0131rd\u0131.<\/h1>\n<p>\u0130ngiliz Daily Telegraph gazetesinin prestijli ingiliz tur operat\u00f6r\u00fc Page &amp; Moy ile ortakla\u015fa da\u011f\u0131tt\u0131\u011f\u0131 &#8220;50 En B\u00fcy\u00fck K\u00fclt\u00fcrel Destinasyon&#8221; \u00f6d\u00fcllerinde, &#8216;En \u0130yi K\u00fclt\u00fcr Kenti&#8217; ve &#8216;En B\u00fcy\u00fck K\u00fclt\u00fcrel Destinasyon&#8217; alanlar\u0131nda \u0130stanbul Roma &#8216;n\u0131n hemen ard\u0131ndan ikinci oldu.<\/p>\n<h2>K\u00fclt\u00fcr destinasyonunda d\u00fcnyan\u0131n konu\u015ftu\u011fu iki \u015fehir : Roma ve \u0130stanbul<\/h2>\n<p>Gazetenin tur operat\u00f6r\u00fc Page &amp; Moy ile ortakla\u015fa da\u011f\u0131tt\u0131\u011f\u0131 &#8220;50 En B\u00fcy\u00fck K\u00fclt\u00fcrel Destinasyon&#8221; \u00f6d\u00fcllerinin sahipleri, j\u00fcrinin yan\u0131 s\u0131ra Daily Telegraph okuyucular\u0131 taraf\u0131ndan da belirlendi.<\/p>\n<p>&#8220;En \u0130yi K\u00fclt\u00fcr \u015eehri&#8221; ve &#8220;En B\u00fcy\u00fck K\u00fclt\u00fcrel Destinasyon&#8221; \u00f6d\u00fcllerinde birincilik \u0130talya\u2019n\u0131n ba\u015fkenti Roma\u2019ya verildi.<\/p>\n<p>\u0130stanbul ise Roma\u2019n\u0131n ard\u0131ndan ikinci oldu.<\/p>\n<p>Konuya ili\u015fkin T\u00fcrkiye&#8217;nin Londra K\u00fclt\u00fcr ve Tan\u0131tma M\u00fc\u015favirli\u011finden yap\u0131lan a\u00e7\u0131klamada, M\u00fc\u015favir Tolga Tuyluo\u011flu, \u00f6d\u00fcl\u00fc almaktan gurur duyduklar\u0131n\u0131 s\u00f6yledi.<\/p>\n<h3>\u0130stanbul ve Roma : K\u00fclt\u00fcr ba\u015fkentleri<\/h3>\n<p>Tuyluo\u011flu, &#8220;Bu \u00f6d\u00fcller hi\u00e7 \u015f\u00fcphesiz ki \u0130stanbul&#8217;un 2010 Avrupa K\u00fclt\u00fcr Ba\u015fkenti olmas\u0131 konusundaki ba\u015far\u0131s\u0131n\u0131n g\u00f6stergesidir. Ayr\u0131ca, T\u00fcrkiye&#8217;nin \u0130ngiltere pazar\u0131ndaki \u00f6nemini g\u00f6stermektedir&#8221; dedi.<\/p>\n<h4>\u0130ngiliz turistler sadece deniz ve g\u00fcne\u015fi de\u011fil k\u00fclt\u00fcr\u00fcm\u00fcz\u00fc de merak ediyor<\/h4>\n<p>Bu arada T\u00fcrkiye\u2019nin Londra K\u00fclt\u00fcr ve Tan\u0131tma M\u00fc\u015favirli\u011finden yap\u0131lan a\u00e7\u0131klamada, Mintel adl\u0131 ara\u015ft\u0131rma \u015firketi taraf\u0131ndan \u0130ngiltere pazar\u0131nda bu y\u0131l ba\u015flar\u0131nda yap\u0131lan bir turizm ara\u015ft\u0131rmas\u0131n\u0131n sonu\u00e7lar\u0131na de\u011finildi. Ara\u015ft\u0131rma sonu\u00e7lar\u0131na g\u00f6re, iklim, k\u00fclt\u00fcr ve tarih, \u0130ngilizlerin tatillerde T\u00fcrkiye&#8217;yi tercih etme sebeplerinde ilk s\u0131rada yer al\u0131yor.<\/p>\n<p>\u0130ngiliz turistlerin genelde T\u00fcrkiye&#8217;ye &#8220;deniz, g\u00fcne\u015f ve kum&#8221; i\u00e7in gitti\u011fi d\u00fc\u015f\u00fcncesinin eksik bir bilgi oldu\u011fu ara\u015ft\u0131rma sonu\u00e7lar\u0131na g\u00f6re ortaya \u00e7\u0131kt\u0131. Zira, \u0130ngiliz turistlerin y\u00fczde 71&#8217;inin ziyaretleri s\u0131ras\u0131nda T\u00fcrkiye &#8216;de tarihi bir yeri ya da m\u00fczeyi gezdi\u011fi g\u00f6r\u00fcld\u00fc.<\/p>\n<h4>Roma En \u0130yi K\u00fclt\u00fcr \u015eehri<\/h4>\n<p>\u0130ngiliz turistlerin, Vatikan, Forum, Villa Borghese, Appia Yolu, Venedik Meydan\u0131, Kolezyum gibi k\u00fclt\u00fcr miraslar\u0131na sadece bir \u015fehrin sahip olmas\u0131n\u0131 neredeyse haks\u0131zl\u0131k olarak niteledikleri Roma ise\u00a0&#8220;En \u0130yi K\u00fclt\u00fcr \u015eehri&#8221; ve &#8220;En B\u00fcy\u00fck K\u00fclt\u00fcrel Destinasyon&#8221; \u00f6d\u00fcllerinde birinci olmas\u0131 kimseyi \u015fa\u015f\u0131rtmad\u0131.<\/p>\n<!-- Error, Advert is not available at this time due to schedule\/geolocation restrictions! -->\n<!-- Error, Advert is not available at this time due to schedule\/geolocation restrictions! -->\n<span style=\"font-weight: bold; color: #f00;\">Error, group does not exist! Check your syntax! (ID: 9)<\/span>\n<p>&nbsp;<\/p>\n<p>T\u00fcrkiye, T\u00fcrkiye \u0130stanbul, \u0130stanbul, K\u00fclt\u00fcr Ba\u015fkenti, K\u00fclt\u00fcr \u015eehri, Roma, En \u0130yi K\u00fclt\u00fcr \u015eehri, Roma K\u00fclt\u00fcr, \u0130stanbul K\u00fclt\u00fcr,\u00a0En iyi K\u00fclt\u00fcr \u015eehirleri<\/p>\n","protected":false},"excerpt":{"rendered":"<p>\u0130ngiliz Daily Telegraph gazetesi, ingiliz vatanda\u015flar\u0131 ve tur operat\u00f6rleri, \u0130stanbul&#8217;u &#8216;En \u0130yi K\u00fclt\u00fcr \u015eehri&#8217; ve &#8216;En B\u00fcy\u00fck K\u00fclt\u00fcrel Destinasyon&#8217; alanlar\u0131nda Roma&#8217;dan sonra ikinci se\u00e7erek onurland\u0131rd\u0131<\/p>\n","protected":false},"author":683,"featured_media":75105,"comment_status":"open","ping_status":"open","sticky":false,"template":"","format":"standard","meta":{"_acf_changed":false,"footnotes":""},"categories":[6767,6768,6769,6770,6665,6155,6221,6771,5005,6772,6671,339,6805],"tags":[1011,13,195938,74917],"class_list":["post-75091","post","type-post","status-publish","format-standard","has-post-thumbnail","hentry","category-afrika","category-amerika","category-asya","category-avrupa","category-dunya","category-gundem","category-kultur","category-latin-amerika","category-manset","category-ortadogu","category-seyahat","category-turizm","category-turkiye","tag-istanbul","tag-roma","tag-turkiye","tag-turkiye-istanbul"],"acf":[],"_links":{"self":[{"href":"https:\/\/www.nationalturk.com\/tr\/wp-json\/wp\/v2\/posts\/75091","targetHints":{"allow":["GET"]}}],"collection":[{"href":"https:\/\/www.nationalturk.com\/tr\/wp-json\/wp\/v2\/posts"}],"about":[{"href":"https:\/\/www.nationalturk.com\/tr\/wp-json\/wp\/v2\/types\/post"}],"author":[{"embeddable":true,"href":"https:\/\/www.nationalturk.com\/tr\/wp-json\/wp\/v2\/users\/683"}],"replies":[{"embeddable":true,"href":"https:\/\/www.nationalturk.com\/tr\/wp-json\/wp\/v2\/comments?post=75091"}],"version-history":[{"count":0,"href":"https:\/\/www.nationalturk.com\/tr\/wp-json\/wp\/v2\/posts\/75091\/revisions"}],"wp:featuredmedia":[{"embeddable":true,"href":"https:\/\/www.nationalturk.com\/tr\/wp-json\/wp\/v2\/media\/75105"}],"wp:attachment":[{"href":"https:\/\/www.nationalturk.com\/tr\/wp-json\/wp\/v2\/media?parent=75091"}],"wp:term":[{"taxonomy":"category","embeddable":true,"href":"https:\/\/www.nationalturk.com\/tr\/wp-json\/wp\/v2\/categories?post=75091"},{"taxonomy":"post_tag","embeddable":true,"href":"https:\/\/www.nationalturk.com\/tr\/wp-json\/wp\/v2\/tags?post=75091"}],"curies":[{"name":"wp","href":"https:\/\/api.w.org\/{rel}","templated":true}]}}