{"id":75104,"date":"2011-07-08T11:20:32","date_gmt":"2011-07-08T08:20:32","guid":{"rendered":"http:\/\/www.nationalturk.com\/?p=75104"},"modified":"2026-04-27T02:27:58","modified_gmt":"2026-04-26T23:27:58","slug":"ondrej-celutska-trabzonspor-transfer-haberleri-75104","status":"publish","type":"post","link":"https:\/\/www.nationalturk.com\/tr\/ondrej-celutska-trabzonspor-transfer-haberleri-75104\/","title":{"rendered":"Ondrej Celutska Trabzonspor&#8217;da \/ Transfer Haberleri"},"content":{"rendered":"<h1><img loading=\"lazy\" decoding=\"async\" class=\"alignnone size-full wp-image-75109\" title=\"Ondrej Celutska\" src=\"http:\/\/www.nationalturk.com\/tr\/wp-content\/uploads\/2011\/07\/celutska.jpg\" alt=\"\" width=\"610\" height=\"356\"><\/h1>\n<h1>Transfer \u00e7al\u0131\u015fmalar\u0131na devam eden Trabzonspor, Slavia Prag&#8217;da forma giyen Ondrej Celutska transferini bitirdi. \/ Trabzonspor Transfer Haberleri&#8230;<\/h1>\n<p>Bordo mavili y\u00f6netim, 22 ya\u015f\u0131ndaki Ondrej Celustka&#8217;n\u0131n transferi i\u00e7in Slavia Prag ile g\u00f6r\u00fc\u015fmelere ba\u015fland\u0131\u011f\u0131n\u0131 borsaya bildirdi..\u00a0Trabzonspor Sportif Yat\u0131r\u0131m ve Futbol \u0130\u015fletmecili\u011fi Ticaret A.\u015e&#8217;den, Kamuoyu Ayd\u0131nlatma Platformu&#8217;na g\u00f6nderilen yaz\u0131da, &#8220;Profesyonel futbolcu Ondrej Celustka&#8217;n\u0131n kul\u00fcb\u00fcm\u00fcze transferi konusunda futbolcunun kul\u00fcb\u00fc Sk Slavia Praha ile g\u00f6r\u00fc\u015fmelere ba\u015flanm\u0131\u015ft\u0131r&#8221; ifadeleri kullan\u0131ld\u0131.<\/p>\n<p>\u00c7ek futbolcunun hafta sonu Trabzonspor&#8217;un kamp\u0131na gelerek resmi s\u00f6zle\u015fmeyi bas\u0131n \u00f6n\u00fcnde imzalamas\u0131 bekleniyor. 22 ya\u015f\u0131ndaki Ondrej Celutska savunmada g\u00f6rev yap\u0131yor.<\/p>\n<!-- Error, Advert is not available at this time due to schedule\/geolocation restrictions! -->\n<!-- Error, Advert is not available at this time due to schedule\/geolocation restrictions! -->\n<!-- Error, Advert is not available at this time due to schedule\/geolocation restrictions! -->\n<p>Celutkska, Celutska, Celutska Trabzonspor, Celutska transferi, Gabri\u00e7, Trabzonspor, Trabzonspor Haberleri, Trabzonspor Transfer, Trabzonspor Transfer Haberleri<\/p>\n","protected":false},"excerpt":{"rendered":"<p>Transfer \u00e7al\u0131\u015fmalar\u0131na devam eden Trabzonspor, Slavia Prag&#8217;da forma giyen Ondrej Celutska transferini bitirdi. \/ Trabzonspor Transfer Haberleri&#8230;<\/p>\n","protected":false},"author":4,"featured_media":75109,"comment_status":"open","ping_status":"open","sticky":false,"template":"","format":"standard","meta":{"_acf_changed":false,"footnotes":""},"categories":[6774,6194],"tags":[73939,73940,73942,73941,6273,3037,4117,31605],"class_list":["post-75104","post","type-post","status-publish","format-standard","has-post-thumbnail","hentry","category-futbol","category-spor","tag-celutkska","tag-celutska","tag-celutska-trabzonspor","tag-celutska-transferi","tag-gabric","tag-trabzon","tag-trabzonspor","tag-trabzonspor-transfer"],"acf":[],"_links":{"self":[{"href":"https:\/\/www.nationalturk.com\/tr\/wp-json\/wp\/v2\/posts\/75104","targetHints":{"allow":["GET"]}}],"collection":[{"href":"https:\/\/www.nationalturk.com\/tr\/wp-json\/wp\/v2\/posts"}],"about":[{"href":"https:\/\/www.nationalturk.com\/tr\/wp-json\/wp\/v2\/types\/post"}],"author":[{"embeddable":true,"href":"https:\/\/www.nationalturk.com\/tr\/wp-json\/wp\/v2\/users\/4"}],"replies":[{"embeddable":true,"href":"https:\/\/www.nationalturk.com\/tr\/wp-json\/wp\/v2\/comments?post=75104"}],"version-history":[{"count":1,"href":"https:\/\/www.nationalturk.com\/tr\/wp-json\/wp\/v2\/posts\/75104\/revisions"}],"predecessor-version":[{"id":309119,"href":"https:\/\/www.nationalturk.com\/tr\/wp-json\/wp\/v2\/posts\/75104\/revisions\/309119"}],"wp:featuredmedia":[{"embeddable":true,"href":"https:\/\/www.nationalturk.com\/tr\/wp-json\/wp\/v2\/media\/75109"}],"wp:attachment":[{"href":"https:\/\/www.nationalturk.com\/tr\/wp-json\/wp\/v2\/media?parent=75104"}],"wp:term":[{"taxonomy":"category","embeddable":true,"href":"https:\/\/www.nationalturk.com\/tr\/wp-json\/wp\/v2\/categories?post=75104"},{"taxonomy":"post_tag","embeddable":true,"href":"https:\/\/www.nationalturk.com\/tr\/wp-json\/wp\/v2\/tags?post=75104"}],"curies":[{"name":"wp","href":"https:\/\/api.w.org\/{rel}","templated":true}]}}