{"id":75502,"date":"2011-07-12T11:51:08","date_gmt":"2011-07-12T08:51:08","guid":{"rendered":"http:\/\/www.nationalturk.com\/?p=75502"},"modified":"2022-09-11T13:12:58","modified_gmt":"2022-09-11T10:12:58","slug":"hamid-karzainin-kardesi-olduruldu-75502","status":"publish","type":"post","link":"https:\/\/www.nationalturk.com\/tr\/hamid-karzainin-kardesi-olduruldu-75502\/","title":{"rendered":"Afganistan Devlet Ba\u015fkan\u0131 Hamid Karzai&#8217;nin karde\u015fi \u00f6ld\u00fcr\u00fcld\u00fc"},"content":{"rendered":"<p><strong>Ahmed Veli Karzai, \u00fclkenin g\u00fcneyindeki Kandahar eyaletinde konsey ba\u015fkanl\u0131\u011f\u0131 g\u00f6revini y\u00fcr\u00fct\u00fcyordu.<\/strong><\/p>\n<h1><img loading=\"lazy\" decoding=\"async\" class=\"alignleft size-medium wp-image-75503\" title=\"Ahmed Veli Karzai\" src=\"http:\/\/www.nationalturk.com\/tr\/wp-content\/uploads\/2011\/07\/karzai_kardesi-280x195.jpg\" alt=\"\" width=\"280\" height=\"195\" srcset=\"https:\/\/www.nationalturk.com\/tr\/wp-content\/uploads\/2011\/07\/karzai_kardesi-280x195.jpg 280w, https:\/\/www.nationalturk.com\/tr\/wp-content\/uploads\/2011\/07\/karzai_kardesi-573x400.jpg 573w, https:\/\/www.nationalturk.com\/tr\/wp-content\/uploads\/2011\/07\/karzai_kardesi.jpg 1280w\" sizes=\"auto, (max-width: 280px) 100vw, 280px\" \/>Afganistan Devlet Ba\u015fkan\u0131 Hamid Karzai&#8217;nin \u00fcvey karde\u015fi Ahmed Veli Karzai&#8217;nin korumas\u0131 taraf\u0131ndan vurularak \u00f6ld\u00fcr\u00fcld\u00fc\u011f\u00fc \u00f6ne s\u00fcr\u00fcld\u00fc.<\/h1>\n<p>\u00c7in haber ajans\u0131na bilgi veren bir yetkili, Karzai&#8217;nin korumaya k\u00fcfretti\u011fini, koruman\u0131n da silah\u0131n\u0131 \u00e7ekerek Kandahar \u0130l Konseyi Ba\u015fkanl\u0131\u011f\u0131&#8217;n\u0131 y\u00fcr\u00fcten kudretli ismi \u00f6ld\u00fcrd\u00fc\u011f\u00fcn\u00fc s\u00f6yledi.<\/p>\n<p>Ahmed Veli Karzai, daha \u00f6nce defalarca suikast giri\u015fimlerinin hedefi olmu\u015ftu.<\/p>\n<p>Ahmed Veli Karzai&#8217;nin Afganistan&#8217;\u0131n g\u00fcneyinde su\u00e7 a\u011f\u0131 kurdu\u011fu iddia ediliyordu. Hamid Karzai ise somut delil getirilmeden \u00fcvey karde\u015fini s\u00fcrg\u00fcne g\u00f6ndermesinin s\u00f6z konusu olmad\u0131\u011f\u0131n\u0131 ifade ediyordu.<\/p>\n<!-- Error, Advert is not available at this time due to schedule\/geolocation restrictions! -->\n<!-- Error, Advert is not available at this time due to schedule\/geolocation restrictions! -->\n<!-- Error, Advert is not available at this time due to schedule\/geolocation restrictions! -->\n<h2>Ahmed Veli Karzai Kimdir?<\/h2>\n<p>Ahmed Veli Karzai,\u00a0 1961 Afganistan&#8217;da do\u011fdu. 2005 y\u0131l\u0131ndan \u00f6l\u00fcm\u00fcne kadar Kandahar \u0130l Konseyi Ba\u015fkan\u0131 olarak g\u00f6rev yapan bir politikac\u0131yd\u0131 .<br \/>\nEski Afgan Devlet Ba\u015fkan\u0131 Hamid Karzai&#8217;nin baba taraf\u0131ndan k\u00fc\u00e7\u00fck \u00fcvey karde\u015fi ve Popalzai kabilesinin bir b\u00fcy\u00fc\u011f\u00fcyd\u00fc. Ahmed Veli Karzai daha \u00f6nce Amerika Birle\u015fik Devletleri&#8217;nde ya\u015f\u0131yordu ve burada ailesine ait bir restoran i\u015fletiyordu.<br \/>\nTaliban h\u00fck\u00fcmetinin g\u00f6revden al\u0131nmas\u0131n\u0131n ard\u0131ndan Afganistan&#8217;a d\u00f6nd\u00fc. 2001 y\u0131l\u0131n\u0131n sonlar\u0131nda. Siyasi yolsuzlukla su\u00e7land\u0131\u00a0 ve iddiaya g\u00f6re CIA maa\u015f bordrosundayd\u0131.<br \/>\n12 Temmuz 2011&#8217;de yak\u0131n korumalar\u0131ndan biri olan Sardar Mohammad taraf\u0131ndan \u00f6ld\u00fcr\u00fcld\u00fc<\/p>\n<figure id=\"attachment_294067\" aria-describedby=\"caption-attachment-294067\" style=\"width: 720px\" class=\"wp-caption alignnone\"><img loading=\"lazy\" decoding=\"async\" class=\"wp-image-294067\" src=\"https:\/\/www.nationalturk.com\/tr\/wp-content\/uploads\/2011\/07\/Hamid-Karzai-Kardesi.webp\" alt=\"Ahmed Veli Karzai\" width=\"720\" height=\"456\" title=\"\"><figcaption id=\"caption-attachment-294067\" class=\"wp-caption-text\">Ahmed Veli Karzai,\u00a0 1961 Afganistan&#8217;da do\u011fdu. 2005 y\u0131l\u0131ndan \u00f6l\u00fcm\u00fcne kadar Kandahar \u0130l Konseyi Ba\u015fkan\u0131 olarak g\u00f6rev yapan bir politikac\u0131yd\u0131 .<\/figcaption><\/figure>\n","protected":false},"excerpt":{"rendered":"<p>Afganistan Devlet Ba\u015fkan\u0131 Hamid Karzai&#8217;nin karde\u015fi Ahmed Veli Karzai, evinde u\u011frad\u0131\u011f\u0131 sald\u0131r\u0131 sonucu hayat\u0131n\u0131 kaybetti.<\/p>\n","protected":false},"author":4,"featured_media":294066,"comment_status":"open","ping_status":"open","sticky":false,"template":"","format":"standard","meta":{"_acf_changed":false,"footnotes":""},"categories":[6769,6665,6155,6772,6202,349],"tags":[6628,7700,711,7697,27124,21305],"class_list":["post-75502","post","type-post","status-publish","format-standard","has-post-thumbnail","hentry","category-asya","category-dunya","category-gundem","category-ortadogu","category-politika","category-son-dakika","tag-afganistan","tag-ahmed-veli-karzai","tag-cin","tag-hamid-karzai","tag-kandahar","tag-taliban"],"acf":[],"_links":{"self":[{"href":"https:\/\/www.nationalturk.com\/tr\/wp-json\/wp\/v2\/posts\/75502","targetHints":{"allow":["GET"]}}],"collection":[{"href":"https:\/\/www.nationalturk.com\/tr\/wp-json\/wp\/v2\/posts"}],"about":[{"href":"https:\/\/www.nationalturk.com\/tr\/wp-json\/wp\/v2\/types\/post"}],"author":[{"embeddable":true,"href":"https:\/\/www.nationalturk.com\/tr\/wp-json\/wp\/v2\/users\/4"}],"replies":[{"embeddable":true,"href":"https:\/\/www.nationalturk.com\/tr\/wp-json\/wp\/v2\/comments?post=75502"}],"version-history":[{"count":0,"href":"https:\/\/www.nationalturk.com\/tr\/wp-json\/wp\/v2\/posts\/75502\/revisions"}],"wp:featuredmedia":[{"embeddable":true,"href":"https:\/\/www.nationalturk.com\/tr\/wp-json\/wp\/v2\/media\/294066"}],"wp:attachment":[{"href":"https:\/\/www.nationalturk.com\/tr\/wp-json\/wp\/v2\/media?parent=75502"}],"wp:term":[{"taxonomy":"category","embeddable":true,"href":"https:\/\/www.nationalturk.com\/tr\/wp-json\/wp\/v2\/categories?post=75502"},{"taxonomy":"post_tag","embeddable":true,"href":"https:\/\/www.nationalturk.com\/tr\/wp-json\/wp\/v2\/tags?post=75502"}],"curies":[{"name":"wp","href":"https:\/\/api.w.org\/{rel}","templated":true}]}}