{"id":75527,"date":"2011-07-12T14:34:28","date_gmt":"2011-07-12T11:34:28","guid":{"rendered":"http:\/\/www.nationalturk.com\/?p=75527"},"modified":"2025-02-08T22:57:15","modified_gmt":"2025-02-08T19:57:15","slug":"sadri-sener-adliye-sike-son-dakika-75527","status":"publish","type":"post","link":"https:\/\/www.nationalturk.com\/tr\/sadri-sener-adliye-sike-son-dakika-75527\/","title":{"rendered":"Sadri \u015eener adliyeye sevk edildi"},"content":{"rendered":"<h2>Sadri \u015eener, savc\u0131 taraf\u0131ndan sorgulanacak. \/ \u015eike son dakika haberleri&#8230;<\/h2>\n<h1><img loading=\"lazy\" decoding=\"async\" class=\"alignleft size-medium wp-image-75528\" title=\"Sadri \u015eener\" src=\"http:\/\/www.nationalturk.com\/tr\/wp-content\/uploads\/2011\/07\/sadri_sener_gozalti-275x220.jpg\" alt=\"\" width=\"275\" height=\"220\" srcset=\"https:\/\/www.nationalturk.com\/tr\/wp-content\/uploads\/2011\/07\/sadri_sener_gozalti-275x220.jpg 275w, https:\/\/www.nationalturk.com\/tr\/wp-content\/uploads\/2011\/07\/sadri_sener_gozalti.jpg 470w\" sizes=\"auto, (max-width: 275px) 100vw, 275px\" \/><\/h1>\n<p>Fenerbah\u00e7e&#8217;nin ard\u0131ndan Trabzonspor ve Be\u015fikta\u015f&#8217;a da s\u0131\u00e7rayan \u015fike soru\u015fturmas\u0131nda her an \u00f6nemli bir olay ya\u015fan\u0131yor.<\/p>\n<p>Emniyetteki i\u015flemleri tamamlanan Trabzonspor Ba\u015fkan\u0131 Sadri \u015eener Be\u015fikta\u015f&#8217;taki \u0130stanbul Adliyesine sevk edildi.<\/p>\n<p>Sadri \u015eener, \u0130stanbul Adliyesinde soru\u015fturmay\u0131 y\u00fcr\u00fcten savc\u0131 Mehmet Berk&#8217;e ifade verecek.<\/p>\n<p>&nbsp;<\/p>\n<blockquote class=\"wp-embedded-content\" data-secret=\"koiCVwi72L\"><p><a href=\"https:\/\/www.nationalturk.com\/tr\/sadri-sener-fenerbahce-yonetimi-trabzona-gelmesin-129799\/\">Sadri \u015eener: Fenerbah\u00e7e y\u00f6netimi Trabzon&#8217;a gelmesin<\/a><\/p><\/blockquote>\n<p><iframe loading=\"lazy\" class=\"wp-embedded-content\" sandbox=\"allow-scripts\" security=\"restricted\" style=\"position: absolute; visibility: hidden;\" title=\"&#8220;Sadri \u015eener: Fenerbah\u00e7e y\u00f6netimi Trabzon&#8217;a gelmesin&#8221; &#8212; NationalTurk\" src=\"https:\/\/www.nationalturk.com\/tr\/sadri-sener-fenerbahce-yonetimi-trabzona-gelmesin-129799\/embed\/#?secret=dQwJOy8Qja#?secret=koiCVwi72L\" data-secret=\"koiCVwi72L\" width=\"500\" height=\"282\" frameborder=\"0\" marginwidth=\"0\" marginheight=\"0\" scrolling=\"no\"><\/iframe><\/p>\n<p>&nbsp;<\/p>\n","protected":false},"excerpt":{"rendered":"<p>\u015eike soru\u015fturmas\u0131 kapsam\u0131nda d\u00fcn sabah g\u00f6zalt\u0131na al\u0131nan Trabzonspor Ba\u015fkan\u0131 Sadri \u015eener adliyeye sevk edildi. \u015eener, savc\u0131 taraf\u0131ndan sorgulanacak. \/ \u015eike son dakika haberleri&#8230;<\/p>\n","protected":false},"author":4,"featured_media":188633,"comment_status":"open","ping_status":"open","sticky":false,"template":"","format":"standard","meta":{"_acf_changed":false,"footnotes":""},"categories":[6774,6155,349,6194],"tags":[9726,75059,75058,75057,75224,75060,74522,74736],"class_list":["post-75527","post","type-post","status-publish","format-standard","has-post-thumbnail","hentry","category-futbol","category-gundem","category-son-dakika","category-spor","tag-sadri-sener","tag-sadri-sener-gozalti","tag-sadri-sener-gozaltina-alindi","tag-sadri-sener-gozaltinda","tag-sadri-sener-sike","tag-serdar-kulbilge","tag-sike-son-dakika","tag-sike-sorusturmasi-son-dakika"],"acf":[],"_links":{"self":[{"href":"https:\/\/www.nationalturk.com\/tr\/wp-json\/wp\/v2\/posts\/75527","targetHints":{"allow":["GET"]}}],"collection":[{"href":"https:\/\/www.nationalturk.com\/tr\/wp-json\/wp\/v2\/posts"}],"about":[{"href":"https:\/\/www.nationalturk.com\/tr\/wp-json\/wp\/v2\/types\/post"}],"author":[{"embeddable":true,"href":"https:\/\/www.nationalturk.com\/tr\/wp-json\/wp\/v2\/users\/4"}],"replies":[{"embeddable":true,"href":"https:\/\/www.nationalturk.com\/tr\/wp-json\/wp\/v2\/comments?post=75527"}],"version-history":[{"count":2,"href":"https:\/\/www.nationalturk.com\/tr\/wp-json\/wp\/v2\/posts\/75527\/revisions"}],"predecessor-version":[{"id":305812,"href":"https:\/\/www.nationalturk.com\/tr\/wp-json\/wp\/v2\/posts\/75527\/revisions\/305812"}],"wp:featuredmedia":[{"embeddable":true,"href":"https:\/\/www.nationalturk.com\/tr\/wp-json\/wp\/v2\/media\/188633"}],"wp:attachment":[{"href":"https:\/\/www.nationalturk.com\/tr\/wp-json\/wp\/v2\/media?parent=75527"}],"wp:term":[{"taxonomy":"category","embeddable":true,"href":"https:\/\/www.nationalturk.com\/tr\/wp-json\/wp\/v2\/categories?post=75527"},{"taxonomy":"post_tag","embeddable":true,"href":"https:\/\/www.nationalturk.com\/tr\/wp-json\/wp\/v2\/tags?post=75527"}],"curies":[{"name":"wp","href":"https:\/\/api.w.org\/{rel}","templated":true}]}}