{"id":75598,"date":"2011-07-13T09:47:23","date_gmt":"2011-07-13T06:47:23","guid":{"rendered":"http:\/\/www.nationalturk.com\/?p=75598"},"modified":"2022-09-11T03:08:02","modified_gmt":"2022-09-11T00:08:02","slug":"serdal-adali-tayfur-havutcu-sike-son-dakika-75598","status":"publish","type":"post","link":"https:\/\/www.nationalturk.com\/tr\/serdal-adali-tayfur-havutcu-sike-son-dakika-75598\/","title":{"rendered":"Serdal Adal\u0131 ve Tayfur Havut\u00e7u adliyede \/ \u015eike son dakika haberleri"},"content":{"rendered":"<h1>\u015eike son dakika haberleri&#8230;<\/h1>\n<p>\u015eike soru\u015fturmas\u0131 kapsam\u0131nda g\u00f6zalt\u0131na al\u0131nan ve emniyetteki sorgular\u0131 tamamlanan Be\u015fikta\u015f Asba\u015fkan\u0131 ve Futbol Komitesi Ba\u015fkan\u0131 Serdal Adal\u0131 ve Teknik Direkt\u00f6r Tayfur Havut\u00e7u adliyeye sevk edildi.<\/p>\n<h2>Serdal Adal\u0131 ve Tayfur Havut\u00e7u<\/h2>\n<p>\u00d6te yandan Serdal Adal\u0131 ve Teknik Direkt\u00f6r Tayfur Havut\u00e7u d\u0131\u015f\u0131ndaki g\u00f6zalt\u0131ndaki di\u011fer isimler \u0130stanbul B\u00fcy\u00fck\u015fehir Belediyesporlu futbolcular \u0130brahim Ak\u0131n ve \u0130skender Al\u0131n, TFF eski y\u00f6neticisi Levent K\u0131z\u0131l, TFF eski y\u00f6neticisi ve MHK eski ba\u015fkan\u0131 Ufuk \u00d6zerten saat 09.00 sular\u0131nda \u0130stanbul Adliyesi&#8217;ne getirildi.<\/p>\n<!-- Error, Advert is not available at this time due to schedule\/geolocation restrictions! -->\n<p>&nbsp;<\/p>\n","protected":false},"excerpt":{"rendered":"<p>D\u00fcn g\u00f6zalt\u0131na al\u0131nan Serdal Adal\u0131 ve Tayfur Havut\u00e7u adliyeye sevk edildi. \/ \u015eike son dakika haberleri&#8230;<\/p>\n","protected":false},"author":4,"featured_media":75690,"comment_status":"open","ping_status":"open","sticky":false,"template":"","format":"standard","meta":{"_acf_changed":false,"footnotes":""},"categories":[6774,6155,5005,349,6194],"tags":[1748,74806,75218,26415,75214,75215,74522,75217,75216],"class_list":["post-75598","post","type-post","status-publish","format-standard","has-post-thumbnail","hentry","category-futbol","category-gundem","category-manset","category-son-dakika","category-spor","tag-besiktas","tag-besiktas-sike","tag-besiktas-sike-son-dakika","tag-serdal-adali","tag-serdal-adali-gozalti","tag-serdal-adali-gozaltina-alindi","tag-sike-son-dakika","tag-tayfur-havutcu-gozalti","tag-tayfur-havutcu-gozaltina-alindi"],"acf":[],"_links":{"self":[{"href":"https:\/\/www.nationalturk.com\/tr\/wp-json\/wp\/v2\/posts\/75598","targetHints":{"allow":["GET"]}}],"collection":[{"href":"https:\/\/www.nationalturk.com\/tr\/wp-json\/wp\/v2\/posts"}],"about":[{"href":"https:\/\/www.nationalturk.com\/tr\/wp-json\/wp\/v2\/types\/post"}],"author":[{"embeddable":true,"href":"https:\/\/www.nationalturk.com\/tr\/wp-json\/wp\/v2\/users\/4"}],"replies":[{"embeddable":true,"href":"https:\/\/www.nationalturk.com\/tr\/wp-json\/wp\/v2\/comments?post=75598"}],"version-history":[{"count":0,"href":"https:\/\/www.nationalturk.com\/tr\/wp-json\/wp\/v2\/posts\/75598\/revisions"}],"wp:featuredmedia":[{"embeddable":true,"href":"https:\/\/www.nationalturk.com\/tr\/wp-json\/wp\/v2\/media\/75690"}],"wp:attachment":[{"href":"https:\/\/www.nationalturk.com\/tr\/wp-json\/wp\/v2\/media?parent=75598"}],"wp:term":[{"taxonomy":"category","embeddable":true,"href":"https:\/\/www.nationalturk.com\/tr\/wp-json\/wp\/v2\/categories?post=75598"},{"taxonomy":"post_tag","embeddable":true,"href":"https:\/\/www.nationalturk.com\/tr\/wp-json\/wp\/v2\/tags?post=75598"}],"curies":[{"name":"wp","href":"https:\/\/api.w.org\/{rel}","templated":true}]}}