{"id":75929,"date":"2011-07-15T11:26:27","date_gmt":"2011-07-15T08:26:27","guid":{"rendered":"http:\/\/www.nationalturk.com\/?p=75929"},"modified":"2024-09-08T16:59:35","modified_gmt":"2024-09-08T13:59:35","slug":"diyarbakir-silvan-catisma-75929","status":"publish","type":"post","link":"https:\/\/www.nationalturk.com\/tr\/diyarbakir-silvan-catisma-75929\/","title":{"rendered":"Diyarbak\u0131r Silvan&#8217;daki \u00e7at\u0131\u015fman\u0131n ayr\u0131nt\u0131lar\u0131"},"content":{"rendered":"<h1><img loading=\"lazy\" decoding=\"async\" class=\"alignleft size-medium wp-image-75930\" title=\"\" src=\"http:\/\/www.nationalturk.com\/tr\/wp-content\/uploads\/2011\/07\/catisma_arazi-280x187.jpg\" alt=\"\" width=\"280\" height=\"187\" srcset=\"https:\/\/www.nationalturk.com\/tr\/wp-content\/uploads\/2011\/07\/catisma_arazi-280x187.jpg 280w, https:\/\/www.nationalturk.com\/tr\/wp-content\/uploads\/2011\/07\/catisma_arazi.jpeg 450w\" sizes=\"auto, (max-width: 280px) 100vw, 280px\" \/>Diyarbak\u0131r&#8217;\u0131n Silvan il\u00e7esi k\u0131rsal\u0131nda 13 askerimizin \u015fehit oldu\u011fu hain sald\u0131r\u0131n\u0131n ayr\u0131nt\u0131lar\u0131 ortaya \u00e7\u0131kmaya ba\u015flad\u0131. \/ Diyarbak\u0131r Silvan \u00e7at\u0131\u015fma&#8230;<\/h1>\n<p>Askeri istihbaratlara g\u00f6re 6 ki\u015filik ter\u00f6rist grubu sald\u0131r\u0131dan \u00f6nce 10 g\u00fcn boyunca b\u00f6lgede ke\u015fif yapt\u0131. Ter\u00f6r \u00f6rg\u00fct\u00fcn\u00fcn s\u00f6zde Silvan sorumlusu da gelen bilgilerin ard\u0131ndan eylem karar\u0131 alarak Batman ve Bitlis&#8217;ten takviye istedi. En az 20 ki\u015filik ter\u00f6rist grup, b\u00f6lgede pusu kurup \u00e7e\u015fitli noktalara may\u0131n d\u00f6\u015fedi.\u00a0G\u00fcvenlik g\u00fc\u00e7lerine d\u00f6rt ayr\u0131 koldan uzun namlulu silah, el bombas\u0131 ve lav silahlar\u0131yla sald\u0131rd\u0131. B\u00f6lgede \u00e7\u0131kan yang\u0131na el bombalar\u0131n\u0131n yan\u0131 s\u0131ra kullan\u0131lan lav silahlar\u0131n\u0131n da neden oldu\u011fu \u00f6\u011frenildi.<\/p>\n<p>\u00c7\u0131kan \u00e7at\u0131\u015fmada 7 PKK&#8217;l\u0131 \u00f6ld\u00fcr\u00fcl\u00fcrken 6 ter\u00f6rist ise yaral\u0131 olarak ka\u00e7t\u0131.\u00a0Bu arada Bolu ve Kayseri Da\u011f ve Komando Komutanl\u0131klar\u0131&#8217;nda ani olaylara kar\u015f\u0131 haz\u0131r bekletilen profesyonel birliklerin de hava yoluyla Diyarbak\u0131r ve Bing\u00f6l k\u0131rsal\u0131na g\u00f6nderildiklerini \u00f6\u011frenildi. Bordo bereliler de operasyona kat\u0131l\u0131yor.<\/p>\n<!-- Error, Advert is not available at this time due to schedule\/geolocation restrictions! -->\n<!-- Error, Advert is not available at this time due to schedule\/geolocation restrictions! -->\n<p>Diyarbak\u0131r, Diyarbak\u0131r Silvan, Silvan \u00e7at\u0131\u015fma, Diyarbak\u0131r Silvan \u00e7at\u0131\u015fma, Silvanda \u00e7at\u0131\u015fma, Diyarbak\u0131rda \u00e7at\u0131\u015fma, Diyarbak\u0131r Silvan \u00e7at\u0131\u015fma detaylar\u0131, Silvan \u00e7at\u0131\u015fma ayr\u0131nt\u0131lar<\/p>\n","protected":false},"excerpt":{"rendered":"<p>Diyarbak\u0131r&#8217;\u0131n Silvan il\u00e7esi k\u0131rsal\u0131nda 13 askerimizin \u015fehit oldu\u011fu hain sald\u0131r\u0131n\u0131n ayr\u0131nt\u0131lar\u0131 ortaya \u00e7\u0131kmaya ba\u015flad\u0131. \/ Diyarbak\u0131r Silvan \u00e7at\u0131\u015fma&#8230;<\/p>\n","protected":false},"author":4,"featured_media":188577,"comment_status":"open","ping_status":"open","sticky":false,"template":"","format":"standard","meta":{"_acf_changed":false,"footnotes":""},"categories":[6155,5005,6805],"tags":[1470,9217,75492,75505,75455,75456],"class_list":["post-75929","post","type-post","status-publish","format-standard","has-post-thumbnail","hentry","category-gundem","category-manset","category-turkiye","tag-diyarbakir","tag-diyarbakir-silvan","tag-diyarbakir-silvan-catisma","tag-diyarbakirda-catisma","tag-silvan-catisma","tag-silvanda-catisma"],"acf":[],"_links":{"self":[{"href":"https:\/\/www.nationalturk.com\/tr\/wp-json\/wp\/v2\/posts\/75929","targetHints":{"allow":["GET"]}}],"collection":[{"href":"https:\/\/www.nationalturk.com\/tr\/wp-json\/wp\/v2\/posts"}],"about":[{"href":"https:\/\/www.nationalturk.com\/tr\/wp-json\/wp\/v2\/types\/post"}],"author":[{"embeddable":true,"href":"https:\/\/www.nationalturk.com\/tr\/wp-json\/wp\/v2\/users\/4"}],"replies":[{"embeddable":true,"href":"https:\/\/www.nationalturk.com\/tr\/wp-json\/wp\/v2\/comments?post=75929"}],"version-history":[{"count":0,"href":"https:\/\/www.nationalturk.com\/tr\/wp-json\/wp\/v2\/posts\/75929\/revisions"}],"wp:featuredmedia":[{"embeddable":true,"href":"https:\/\/www.nationalturk.com\/tr\/wp-json\/wp\/v2\/media\/188577"}],"wp:attachment":[{"href":"https:\/\/www.nationalturk.com\/tr\/wp-json\/wp\/v2\/media?parent=75929"}],"wp:term":[{"taxonomy":"category","embeddable":true,"href":"https:\/\/www.nationalturk.com\/tr\/wp-json\/wp\/v2\/categories?post=75929"},{"taxonomy":"post_tag","embeddable":true,"href":"https:\/\/www.nationalturk.com\/tr\/wp-json\/wp\/v2\/tags?post=75929"}],"curies":[{"name":"wp","href":"https:\/\/api.w.org\/{rel}","templated":true}]}}