{"id":76454,"date":"2011-07-20T14:45:39","date_gmt":"2011-07-20T11:45:39","guid":{"rendered":"http:\/\/www.nationalturk.com\/?p=76454"},"modified":"2011-07-20T14:45:39","modified_gmt":"2011-07-20T11:45:39","slug":"rupert-murdoch-avustralya-76454","status":"publish","type":"post","link":"https:\/\/www.nationalturk.com\/tr\/rupert-murdoch-avustralya-76454\/","title":{"rendered":"Rupert Murdoch Avustralya&#8217;da da sorgulanacak"},"content":{"rendered":"<h1><img loading=\"lazy\" decoding=\"async\" class=\"alignleft size-medium wp-image-76456\" title=\"Rupert Murdoch\" src=\"http:\/\/www.nationalturk.com\/tr\/wp-content\/uploads\/2011\/07\/murdoch-280x200.jpg\" alt=\"\" width=\"280\" height=\"200\" srcset=\"https:\/\/www.nationalturk.com\/tr\/wp-content\/uploads\/2011\/07\/murdoch-280x200.jpg 280w, https:\/\/www.nationalturk.com\/tr\/wp-content\/uploads\/2011\/07\/murdoch.jpg 470w\" sizes=\"auto, (max-width: 280px) 100vw, 280px\" \/>Avustralya Ba\u015fbakan\u0131 Julia Gillard, Rupert Murdoch\u2019un Avustralya\u2019daki medya kurulu\u015flar\u0131 hakk\u0131nda meclis soru\u015fturmas\u0131 yapacaklar\u0131n\u0131 belirtti.<\/h1>\n<p>\u0130ngiltere\u2019de ya\u015fanan yasad\u0131\u015f\u0131 dinlemeler hakk\u0131nda \u201ckorkun\u00e7\u201d ifadesini kullanan ve bu skandal\u0131n kendisini \u00e7ok rahats\u0131z etti\u011fini belirten Gillard, Murdoch\u2019un \u00fclkesinde faaliyet g\u00f6steren \u015firket y\u00f6neticilerini \u201czor sorular\u0131n\u201d bekledi\u011fini kaydetti.<\/p>\n<p>Gillard, \u0130ngiltere&#8217;deki telefon dinleme skandal\u0131n\u0131 izleyen Avustralyal\u0131lar\u0131n, ayn\u0131 \u015firketin Avustralya aya\u011f\u0131 hakk\u0131nda da sorular sormaya ba\u015flayacaklar\u0131n\u0131 s\u00f6yledi. Murdoch, bu \u00fclkedeki faaliyetlerini News Limited adl\u0131 \u015firket alt\u0131nda y\u00fcr\u00fct\u00fcyor.<\/p>\n<p>Avustralya meclisinde b\u00fcy\u00fck \u00e7o\u011funlu\u011fa sahip Ye\u015filler Partisi Ba\u015fkan\u0131 Bob Brown ise, Murdoch&#8217;un Avustralya&#8217;daki i\u015ftirakleriyle ilgili meclis soru\u015fturmas\u0131 a\u00e7\u0131lmas\u0131n\u0131 talep etti. Avustralya gazeteciler sendikas\u0131 da Brown&#8217;\u0131n meclis soru\u015fturmas\u0131 \u00e7a\u011fr\u0131s\u0131n\u0131 desteklediklerini a\u00e7\u0131klad\u0131.<\/p>\n<p>Ge\u00e7ti\u011fimiz hafta bas\u0131na yans\u0131yan a\u00e7\u0131klamas\u0131nda Avustralya Ba\u015fbakan\u0131, &#8220;\u00dclkemde de bu &#8216;korkun\u00e7&#8217; telefon dinlemelerinin yap\u0131l\u0131p yap\u0131lmad\u0131\u011f\u0131n\u0131 inceleyece\u011fiz.&#8221; \u015feklinde konu\u015fmu\u015ftu. \u00dclke meclisinde en \u00e7ok sandalyeye sahip iktidardaki Ye\u015filler partisi ise Murdoch&#8217;un gazetelerine y\u00f6nelik soru\u015fturma ba\u015flat\u0131laca\u011f\u0131n\u0131 a\u00e7\u0131klam\u0131\u015ft\u0131. Murdoch&#8217;un Avustralya&#8217;daki t\u00fcm gazetelerin \u00fc\u00e7te ikisinin sahibi oldu\u011fu ve medyada \u201ctekel\u201d olu\u015fturdu\u011fu kaydediliyor.<\/p>\n<p>\u00d6te yandan News of the World (NOW) gazetesinin, ABD\u2019deki 11 Eyl\u00fcl sald\u0131r\u0131lar\u0131nda \u00f6lenlerin yak\u0131nlar\u0131na ait \u00f6zel bilgileri temin etmeye \u00e7al\u0131\u015ft\u0131\u011f\u0131 y\u00f6n\u00fcndeki iddialar \u00fczerine FBI\u2019\u0131n soru\u015fturma a\u00e7t\u0131\u011f\u0131 bildiriliyor.<\/p>\n<p>Aralar\u0131nda Cumhuriyet\u00e7i Kongre \u00fcyesi Peter King ve Amerikan Senatosu ticaret komisyonu ba\u015fkan\u0131 Jay Rockefeller&#8217;in de dahil oldu\u011fu bir\u00e7ok siyaset\u00e7i, Murdoch&#8217;un Amerika&#8217;daki gazetelerinin yasad\u0131\u015f\u0131 dinleme olay\u0131na kar\u0131\u015f\u0131p kar\u0131\u015fmad\u0131\u011f\u0131 y\u00f6n\u00fcnde incelenmesini istemi\u015fti. Kongre \u00fcyesi King ayr\u0131ca, FBI Ba\u015fkan\u0131 Robert Mueller&#8217;e bir mektup yazarak soru\u015fturma talebinde bulunmu\u015ftu.<\/p>\n<p>FBI&#8217;\u0131n Amerika&#8217;da haklar\u0131nda soru\u015fturma a\u00e7t\u0131\u011f\u0131 y\u00f6n\u00fcndeki iddialar \u00fczerine Rupert Murdoch d\u00fcn meclis komisyonuna verdi\u011fi ifadede, &#8220;B\u00f6yle bir \u015fey s\u00f6z konusu de\u011fil. E\u011fer a\u00e7arlarsa \u0130ngiltere&#8217;de hareket etti\u011fimiz gibi davran\u0131r\u0131z.&#8221; diyerek bunu yalanlam\u0131\u015ft\u0131.<\/p>\n<!-- Error, Advert is not available at this time due to schedule\/geolocation restrictions! -->\n<!-- Error, Advert is not available at this time due to schedule\/geolocation restrictions! -->\n","protected":false},"excerpt":{"rendered":"<p>Avustralya Ba\u015fbakan\u0131 Julia Gillard, Rupert Murdoch\u2019un Avustralya\u2019daki medya kurulu\u015flar\u0131 hakk\u0131nda meclis soru\u015fturmas\u0131 yapacaklar\u0131n\u0131 belirtti.<\/p>\n","protected":false},"author":4,"featured_media":188513,"comment_status":"open","ping_status":"open","sticky":false,"template":"","format":"standard","meta":{"_acf_changed":false,"footnotes":""},"categories":[6770,6665,5005,6667],"tags":[1874,75930,75931],"class_list":["post-76454","post","type-post","status-publish","format-standard","has-post-thumbnail","hentry","category-avrupa","category-dunya","category-manset","category-medya","tag-ingiltere","tag-rupert-murdoch","tag-rupert-murdoch-kimdir"],"acf":[],"_links":{"self":[{"href":"https:\/\/www.nationalturk.com\/tr\/wp-json\/wp\/v2\/posts\/76454","targetHints":{"allow":["GET"]}}],"collection":[{"href":"https:\/\/www.nationalturk.com\/tr\/wp-json\/wp\/v2\/posts"}],"about":[{"href":"https:\/\/www.nationalturk.com\/tr\/wp-json\/wp\/v2\/types\/post"}],"author":[{"embeddable":true,"href":"https:\/\/www.nationalturk.com\/tr\/wp-json\/wp\/v2\/users\/4"}],"replies":[{"embeddable":true,"href":"https:\/\/www.nationalturk.com\/tr\/wp-json\/wp\/v2\/comments?post=76454"}],"version-history":[{"count":0,"href":"https:\/\/www.nationalturk.com\/tr\/wp-json\/wp\/v2\/posts\/76454\/revisions"}],"wp:featuredmedia":[{"embeddable":true,"href":"https:\/\/www.nationalturk.com\/tr\/wp-json\/wp\/v2\/media\/188513"}],"wp:attachment":[{"href":"https:\/\/www.nationalturk.com\/tr\/wp-json\/wp\/v2\/media?parent=76454"}],"wp:term":[{"taxonomy":"category","embeddable":true,"href":"https:\/\/www.nationalturk.com\/tr\/wp-json\/wp\/v2\/categories?post=76454"},{"taxonomy":"post_tag","embeddable":true,"href":"https:\/\/www.nationalturk.com\/tr\/wp-json\/wp\/v2\/tags?post=76454"}],"curies":[{"name":"wp","href":"https:\/\/api.w.org\/{rel}","templated":true}]}}