{"id":76541,"date":"2011-07-21T12:31:36","date_gmt":"2011-07-21T09:31:36","guid":{"rendered":"http:\/\/www.nationalturk.com\/?p=76541"},"modified":"2011-07-21T12:31:36","modified_gmt":"2011-07-21T09:31:36","slug":"tff-etik-kurulu-fenerbahce-kume-dusecek-mi-76541","status":"publish","type":"post","link":"https:\/\/www.nationalturk.com\/tr\/tff-etik-kurulu-fenerbahce-kume-dusecek-mi-76541\/","title":{"rendered":"Devler k\u00fcme d\u00fc\u015fecek mi? \u0130\u015fte tarihi karar\u0131 verecek 5 ki\u015fi"},"content":{"rendered":"<h1><img loading=\"lazy\" decoding=\"async\" class=\"alignleft size-medium wp-image-76542\" title=\"Etik Kurul\" src=\"http:\/\/www.nationalturk.com\/tr\/wp-content\/uploads\/2011\/07\/etik_kurul-271x220.jpg\" alt=\"\" width=\"271\" height=\"220\" srcset=\"https:\/\/www.nationalturk.com\/tr\/wp-content\/uploads\/2011\/07\/etik_kurul-271x220.jpg 271w, https:\/\/www.nationalturk.com\/tr\/wp-content\/uploads\/2011\/07\/etik_kurul.jpg 358w\" sizes=\"auto, (max-width: 271px) 100vw, 271px\" \/>\u015eike soru\u015fturmas\u0131 kapsam\u0131nda emniyetin ve savc\u0131l\u0131\u011f\u0131n toplad\u0131\u011f\u0131 delil ve belgelerden bir k\u0131sm\u0131 d\u00fcn TFF&#8217;ye teslim edildi. Belgeleri kozmik odada inceleyen 5 ki\u015filik TFF Etik Kurulu, y\u00fcz y\u0131ll\u0131k kul\u00fcplerin k\u00fcme d\u00fc\u015f\u00fcp d\u00fc\u015fmeyece\u011fine karar verecek.<\/h1>\n<p>Fenerbah\u00e7e, Be\u015fikta\u015f ve Trabzonspor gibi dev kul\u00fcpler k\u00fcme d\u00fc\u015fecek mi? TFF bu soruya cevap verebilmek i\u00e7in g\u00fcnlerdir bekledi\u011fi belgelere ula\u015ft\u0131. Kul\u00fcplerin veya ki\u015filerin \u015fike yap\u0131p yapmad\u0131\u011f\u0131na y\u00f6nelik rapor 5 ki\u015fiden olu\u015fan TFF Etik Kurulu taraf\u0131ndan haz\u0131rlanarak y\u00f6netim kuruluna sunulacak.<\/p>\n<p>Hukuk Profes\u00f6r\u00fc O\u011fuz Atalay&#8217;\u0131n ba\u015fkanl\u0131k etti\u011fi kurulda\u00a0ba\u015fkan\u0131n yan\u0131 s\u0131ra 4 \u00fcye daha var. TFF Etik Kurulu\u2019nda Ba\u015fkan Prof. Dr. O\u011fuz Atalay, Ba\u015fkanvekili Yrd. Do\u00e7. Dr. Burak Oder, Prof. Dr. \u0130lyas Do\u011fan, Av. Kemal I\u015fk\u0131n Kele\u015fo\u011flu ve raport\u00f6r olarak da Av. Mertay Kugay bulunuyor. Belgeleri incelemeye ba\u015flayan kurul birka\u00e7 g\u00fcn i\u00e7erisinde kaderi belirleyecek karar\u0131n verilmesi i\u00e7in haz\u0131rlad\u0131klar\u0131 raporu TFF y\u00f6netimine sunacak.<\/p>\n<!-- Error, Advert is not available at this time due to schedule\/geolocation restrictions! -->\n<!-- Error, Advert is not available at this time due to schedule\/geolocation restrictions! -->\n<p>Be\u015fikta\u015f, Be\u015fikta\u015f k\u00fcme d\u00fc\u015fecek mi, Fenerbah\u00e7e k\u00fcme d\u00fc\u015fecek mi, Trabzonspor k\u00fcme d\u00fc\u015fecek mi, TFF, T\u00fcrkiye Futbol Federasyonu, TFF Kozmik oda, O\u011fuz Atalay, TFF Etik Kurulu, Etik Kurulu \u00fcyeleri, \u0130lyas Do\u011fan, Kemal I\u015fk\u0131n Kele\u015fo\u011flu, Mertay Kugay, Burak Oder<\/p>\n","protected":false},"excerpt":{"rendered":"<p>\u015eike soru\u015fturmas\u0131 kapsam\u0131nda emniyetin ve savc\u0131l\u0131\u011f\u0131n toplad\u0131\u011f\u0131 delil ve belgelerden bir k\u0131sm\u0131 d\u00fcn TFF&#8217;ye teslim edildi. Belgeleri kozmik odada inceleyen 5 ki\u015filik TFF Etik Kurulu, y\u00fcz y\u0131ll\u0131k kul\u00fcplerin k\u00fcme d\u00fc\u015f\u00fcp d\u00fc\u015fmeyece\u011fine karar verecek.<\/p>\n","protected":false},"author":4,"featured_media":188498,"comment_status":"open","ping_status":"open","sticky":false,"template":"","format":"standard","meta":{"_acf_changed":false,"footnotes":""},"categories":[6774,5005,6194],"tags":[1748,75397,74528,6477,76029,75666,6479],"class_list":["post-76541","post","type-post","status-publish","format-standard","has-post-thumbnail","hentry","category-futbol","category-manset","category-spor","tag-besiktas","tag-besiktas-kume-dusecek-mi","tag-fenerbahce-kume-dusecek-mi","tag-tff","tag-tff-etik-kurulu","tag-trabzonspor-kume-dusecek-mi","tag-turkiye-futbol-federasyonu"],"acf":[],"_links":{"self":[{"href":"https:\/\/www.nationalturk.com\/tr\/wp-json\/wp\/v2\/posts\/76541","targetHints":{"allow":["GET"]}}],"collection":[{"href":"https:\/\/www.nationalturk.com\/tr\/wp-json\/wp\/v2\/posts"}],"about":[{"href":"https:\/\/www.nationalturk.com\/tr\/wp-json\/wp\/v2\/types\/post"}],"author":[{"embeddable":true,"href":"https:\/\/www.nationalturk.com\/tr\/wp-json\/wp\/v2\/users\/4"}],"replies":[{"embeddable":true,"href":"https:\/\/www.nationalturk.com\/tr\/wp-json\/wp\/v2\/comments?post=76541"}],"version-history":[{"count":0,"href":"https:\/\/www.nationalturk.com\/tr\/wp-json\/wp\/v2\/posts\/76541\/revisions"}],"wp:featuredmedia":[{"embeddable":true,"href":"https:\/\/www.nationalturk.com\/tr\/wp-json\/wp\/v2\/media\/188498"}],"wp:attachment":[{"href":"https:\/\/www.nationalturk.com\/tr\/wp-json\/wp\/v2\/media?parent=76541"}],"wp:term":[{"taxonomy":"category","embeddable":true,"href":"https:\/\/www.nationalturk.com\/tr\/wp-json\/wp\/v2\/categories?post=76541"},{"taxonomy":"post_tag","embeddable":true,"href":"https:\/\/www.nationalturk.com\/tr\/wp-json\/wp\/v2\/tags?post=76541"}],"curies":[{"name":"wp","href":"https:\/\/api.w.org\/{rel}","templated":true}]}}