{"id":76591,"date":"2011-07-21T17:07:51","date_gmt":"2011-07-21T14:07:51","guid":{"rendered":"http:\/\/www.nationalturk.com\/?p=76591"},"modified":"2011-07-21T17:09:32","modified_gmt":"2011-07-21T14:09:32","slug":"besiktas-turnuva-ispanya-atletico-madrid-la-alhambra-sarayini-gezdi-76591","status":"publish","type":"post","link":"https:\/\/www.nationalturk.com\/tr\/besiktas-turnuva-ispanya-atletico-madrid-la-alhambra-sarayini-gezdi-76591\/","title":{"rendered":"Be\u015fikta\u015f ve Atletico Madrid La Alhambra Saray\u0131&#8217;n\u0131 gezdi"},"content":{"rendered":"<h1><a href=\"http:\/\/www.nationalturk.com\/tr\/wp-content\/uploads\/2011\/07\/besiktas-al-alhambra-sarayini-gezdi1.jpg\"><img loading=\"lazy\" decoding=\"async\" class=\"alignnone size-full wp-image-76601\" title=\"Be\u015fikta\u015f AL Alhambra Saray\u0131n\u0131 Gezdi \" src=\"http:\/\/www.nationalturk.com\/tr\/wp-content\/uploads\/2011\/07\/besiktas-al-alhambra-sarayini-gezdi1.jpg\" alt=\"\" width=\"610\" height=\"300\" srcset=\"https:\/\/www.nationalturk.com\/tr\/wp-content\/uploads\/2011\/07\/besiktas-al-alhambra-sarayini-gezdi1.jpg 610w, https:\/\/www.nationalturk.com\/tr\/wp-content\/uploads\/2011\/07\/besiktas-al-alhambra-sarayini-gezdi1-280x137.jpg 280w\" sizes=\"auto, (max-width: 610px) 100vw, 610px\" \/><\/a><\/h1>\n<h1>\u0130spanya&#8217;n\u0131n, Granada kentinde d\u00fczenlenecek olan bir turnuvaya kat\u0131lacak olan Be\u015fikta\u015f, bug\u00fcn \u00f6\u011fle saatlerinde La Alhambra saray\u0131n\u0131 gezdi \/ Be\u015fikta\u015f Haberleri<\/h1>\n<p>Atletico Madrid tak\u0131m\u0131 ile birikte La Alhambra Saray\u0131&#8217;na gelen Be\u015fikta\u015f, burada saray\u0131 gezmeye gelen turistlerin ilgi oda\u011f\u0131 oldu. Be\u015fikta\u015f&#8217;a transferinden \u00f6nce, Atletico Madrid formas\u0131 giyen Simao Sabrosa ise eski tak\u0131m arkada\u015flar\u0131 ile hasret giderdi. Simao&#8217;nun \u00f6zelikle, kaptan Lopez Guerrero ile uzun s\u00fcre sohbet etti\u011fi g\u00f6zlendi.<\/p>\n<p>Saray\u0131n bah\u00e7elerinde uzun s\u00fcre y\u00fcr\u00fcy\u00fc\u015f yapan Be\u015fikta\u015f ve Atletico Madrid&#8217;li futbolcular, belirli yerlerde gazetecilere poz verdi.<\/p>\n<!-- Error, Advert is not available at this time due to schedule\/geolocation restrictions! -->\n<!-- Error, Advert is not available at this time due to schedule\/geolocation restrictions! -->\n<p>&nbsp;<\/p>\n","protected":false},"excerpt":{"rendered":"<p>\u0130spanya&#8217;n\u0131n, Granada kentinde d\u00fczenlenecek olan bir turnuvaya kat\u0131lacak olan Be\u015fikta\u015f, bug\u00fcn \u00f6\u011fle saatlerinde La Alhambra saray\u0131n\u0131 gezdi \/ Be\u015fikta\u015f Haberleri<\/p>\n","protected":false},"author":28,"featured_media":76601,"comment_status":"open","ping_status":"open","sticky":false,"template":"","format":"standard","meta":{"_acf_changed":false,"footnotes":""},"categories":[6774,6155,6667,6194],"tags":[7932,1748,76100,57231,31124],"class_list":["post-76591","post","type-post","status-publish","format-standard","has-post-thumbnail","hentry","category-futbol","category-gundem","category-medya","category-spor","tag-atletico-madrid","tag-besiktas","tag-besiktas-atletico-madrid","tag-simao","tag-simao-sabrosa"],"acf":[],"_links":{"self":[{"href":"https:\/\/www.nationalturk.com\/tr\/wp-json\/wp\/v2\/posts\/76591","targetHints":{"allow":["GET"]}}],"collection":[{"href":"https:\/\/www.nationalturk.com\/tr\/wp-json\/wp\/v2\/posts"}],"about":[{"href":"https:\/\/www.nationalturk.com\/tr\/wp-json\/wp\/v2\/types\/post"}],"author":[{"embeddable":true,"href":"https:\/\/www.nationalturk.com\/tr\/wp-json\/wp\/v2\/users\/28"}],"replies":[{"embeddable":true,"href":"https:\/\/www.nationalturk.com\/tr\/wp-json\/wp\/v2\/comments?post=76591"}],"version-history":[{"count":0,"href":"https:\/\/www.nationalturk.com\/tr\/wp-json\/wp\/v2\/posts\/76591\/revisions"}],"wp:featuredmedia":[{"embeddable":true,"href":"https:\/\/www.nationalturk.com\/tr\/wp-json\/wp\/v2\/media\/76601"}],"wp:attachment":[{"href":"https:\/\/www.nationalturk.com\/tr\/wp-json\/wp\/v2\/media?parent=76591"}],"wp:term":[{"taxonomy":"category","embeddable":true,"href":"https:\/\/www.nationalturk.com\/tr\/wp-json\/wp\/v2\/categories?post=76591"},{"taxonomy":"post_tag","embeddable":true,"href":"https:\/\/www.nationalturk.com\/tr\/wp-json\/wp\/v2\/tags?post=76591"}],"curies":[{"name":"wp","href":"https:\/\/api.w.org\/{rel}","templated":true}]}}