{"id":76718,"date":"2011-07-22T15:34:46","date_gmt":"2011-07-22T12:34:46","guid":{"rendered":"http:\/\/www.nationalturk.com\/?p=76718"},"modified":"2026-04-27T02:27:51","modified_gmt":"2026-04-26T23:27:51","slug":"uefa-sampiyonlar-ligi-trabzonspor-benfica-hakem-aleksandar-stavrev-yonetecek-76718","status":"publish","type":"post","link":"https:\/\/www.nationalturk.com\/tr\/uefa-sampiyonlar-ligi-trabzonspor-benfica-hakem-aleksandar-stavrev-yonetecek-76718\/","title":{"rendered":"Trabzonspor &#8211; Benfica ma\u00e7\u0131n\u0131 Aleksandar Stavrev y\u00f6netecek \/ Trabzonspor Haberleri"},"content":{"rendered":"<h1><a href=\"http:\/\/www.nationalturk.com\/tr\/wp-content\/uploads\/2011\/07\/trabzonspor-benfica-macini-aleksandar-stavrev-yonetecek1.jpg\"><img loading=\"lazy\" decoding=\"async\" class=\"alignnone size-full wp-image-76722\" title=\"Trabzonspor Benfica Ma\u00e7\u0131n\u0131 Aleksandar Stavrev y\u00f6netecek\" src=\"http:\/\/www.nationalturk.com\/tr\/wp-content\/uploads\/2011\/07\/trabzonspor-benfica-macini-aleksandar-stavrev-yonetecek1.jpg\" alt=\"\" width=\"613\" height=\"300\" srcset=\"https:\/\/www.nationalturk.com\/tr\/wp-content\/uploads\/2011\/07\/trabzonspor-benfica-macini-aleksandar-stavrev-yonetecek1.jpg 613w, https:\/\/www.nationalturk.com\/tr\/wp-content\/uploads\/2011\/07\/trabzonspor-benfica-macini-aleksandar-stavrev-yonetecek1-280x137.jpg 280w, https:\/\/www.nationalturk.com\/tr\/wp-content\/uploads\/2011\/07\/trabzonspor-benfica-macini-aleksandar-stavrev-yonetecek1-610x298.jpg 610w\" sizes=\"auto, (max-width: 613px) 100vw, 613px\" \/><\/a><\/h1>\n<h1>UEFA \u015eampiyonlar Ligi&#8217;ndeki temsilcimiz Trabzonspor&#8217;un 3 A\u011fustos 2011 \u00c7ar\u015famba g\u00fcn\u00fc Portekiz&#8217;in Benfica tak\u0131m\u0131 ile \u0130stanbul&#8217;da oynayaca\u011f\u0131 \u015eampiyonlar Ligi 3. \u00f6n eleme turu r\u00f6van\u015f ma\u00e7\u0131n\u0131n hakemleri a\u00e7\u0131kland\u0131 \/ Trabzonspor Haberleri<\/h1>\n<p>Atat\u00fcrk Olimpiyat Stad\u0131&#8217;nda oynanacak kar\u015f\u0131la\u015fmay\u0131 Makedonya Futbol Federasyonu&#8217;ndan Aleksandar Stavrev y\u00f6netecek. Stavrev&#8217;in yard\u0131mc\u0131l\u0131klar\u0131n\u0131 Marjan Kirovski ve Ljobomir Krstevski yapacak. M\u00fcsabakan\u0131n d\u00f6rd\u00fcnc\u00fc hakemi ise Dejan Jakimovksi yapacak.<\/p>\n<!-- Error, Advert is not available at this time due to schedule\/geolocation restrictions! -->\n<!-- Error, Advert is not available at this time due to schedule\/geolocation restrictions! -->\n","protected":false},"excerpt":{"rendered":"<p>UEFA \u015eampiyonlar Ligi&#8217;ndeki temsilcimiz Trabzonspor&#8217;un 3 A\u011fustos 2011 \u00c7ar\u015famba g\u00fcn\u00fc Portekiz&#8217;in Benfica tak\u0131m\u0131 ile \u0130stanbul&#8217;da oynayaca\u011f\u0131 \u015eampiyonlar Ligi 3. \u00f6n eleme turu r\u00f6van\u015f ma\u00e7\u0131n\u0131n hakemleri a\u00e7\u0131kland\u0131 \/ Trabzonspor Haberleri<\/p>\n","protected":false},"author":28,"featured_media":76722,"comment_status":"open","ping_status":"open","sticky":false,"template":"","format":"standard","meta":{"_acf_changed":false,"footnotes":""},"categories":[6774,6155,6194],"tags":[21335,7937,76241,3037,4117],"class_list":["post-76718","post","type-post","status-publish","format-standard","has-post-thumbnail","hentry","category-futbol","category-gundem","category-spor","tag-ataturk-olimpiyat-stadi","tag-benfica","tag-makedonya-futbol-federasyonu","tag-trabzon","tag-trabzonspor"],"acf":[],"_links":{"self":[{"href":"https:\/\/www.nationalturk.com\/tr\/wp-json\/wp\/v2\/posts\/76718","targetHints":{"allow":["GET"]}}],"collection":[{"href":"https:\/\/www.nationalturk.com\/tr\/wp-json\/wp\/v2\/posts"}],"about":[{"href":"https:\/\/www.nationalturk.com\/tr\/wp-json\/wp\/v2\/types\/post"}],"author":[{"embeddable":true,"href":"https:\/\/www.nationalturk.com\/tr\/wp-json\/wp\/v2\/users\/28"}],"replies":[{"embeddable":true,"href":"https:\/\/www.nationalturk.com\/tr\/wp-json\/wp\/v2\/comments?post=76718"}],"version-history":[{"count":1,"href":"https:\/\/www.nationalturk.com\/tr\/wp-json\/wp\/v2\/posts\/76718\/revisions"}],"predecessor-version":[{"id":309113,"href":"https:\/\/www.nationalturk.com\/tr\/wp-json\/wp\/v2\/posts\/76718\/revisions\/309113"}],"wp:featuredmedia":[{"embeddable":true,"href":"https:\/\/www.nationalturk.com\/tr\/wp-json\/wp\/v2\/media\/76722"}],"wp:attachment":[{"href":"https:\/\/www.nationalturk.com\/tr\/wp-json\/wp\/v2\/media?parent=76718"}],"wp:term":[{"taxonomy":"category","embeddable":true,"href":"https:\/\/www.nationalturk.com\/tr\/wp-json\/wp\/v2\/categories?post=76718"},{"taxonomy":"post_tag","embeddable":true,"href":"https:\/\/www.nationalturk.com\/tr\/wp-json\/wp\/v2\/tags?post=76718"}],"curies":[{"name":"wp","href":"https:\/\/api.w.org\/{rel}","templated":true}]}}