{"id":77265,"date":"2011-07-27T10:32:07","date_gmt":"2011-07-27T07:32:07","guid":{"rendered":"http:\/\/www.nationalturk.com\/?p=77265"},"modified":"2011-07-27T10:32:07","modified_gmt":"2011-07-27T07:32:07","slug":"amanda-knox-cinayet-5293","status":"publish","type":"post","link":"https:\/\/www.nationalturk.com\/tr\/amanda-knox-cinayet-5293\/","title":{"rendered":"Amanda Knox &#8216;un cinayet olay\u0131nda ilgin\u00e7 geli\u015fme"},"content":{"rendered":"<figure id=\"attachment_77267\" aria-describedby=\"caption-attachment-77267\" style=\"width: 280px\" class=\"wp-caption alignleft\"><a href=\"http:\/\/www.nationalturk.com\/tr\/wp-content\/uploads\/2011\/07\/amanda-knox-cinayeti.jpg\"><img loading=\"lazy\" decoding=\"async\" class=\"size-medium wp-image-77267\" title=\"Amanda Knox &#039;un cinayet olay\u0131nda ilgin\u00e7 geli\u015fme\" src=\"http:\/\/www.nationalturk.com\/tr\/wp-content\/uploads\/2011\/07\/amanda-knox-cinayeti-280x175.jpg\" alt=\"\" width=\"280\" height=\"175\" srcset=\"https:\/\/www.nationalturk.com\/tr\/wp-content\/uploads\/2011\/07\/amanda-knox-cinayeti-280x175.jpg 280w, https:\/\/www.nationalturk.com\/tr\/wp-content\/uploads\/2011\/07\/amanda-knox-cinayeti.jpg 460w\" sizes=\"auto, (max-width: 280px) 100vw, 280px\" \/><\/a><figcaption id=\"caption-attachment-77267\" class=\"wp-caption-text\">Amanda Knox<\/figcaption><\/figure>\n<h1>Melek y\u00fczl\u00fc katil olarak adland\u0131r\u0131lan Amanda Knox ile ilgili ilgin\u00e7 bir geli\u015fme ya\u015fand\u0131.<\/h1>\n<p>\u0130talya\u2019da grup seks yapmay\u0131 reddeden \u00fcniversite \u00f6\u011frencisi ev arkada\u015f\u0131 Meredith Kercher\u2019i bo\u011faz\u0131n\u0131 keserek \u00f6ld\u00fcrd\u00fc\u011f\u00fc gerek\u00e7esiyle 26 y\u0131l hapis cezas\u0131na \u00e7arpt\u0131r\u0131lan Amanda Knox serbest kalabilir.<\/p>\n<p>Cinayete kurban giden Meredith Kercher \u2018\u0131n ard\u0131ndan verilen karar sonras\u0131 \u2018Masumum\u2019 diyerek karar\u0131 temyiz eden Knox davas\u0131nda yeni adli t\u0131p raporu mahkemeye sunuldu.<\/p>\n<p>Ba\u011f\u0131ms\u0131z iki profes\u00f6r\u00fcn olay hakk\u0131nda haz\u0131rlad\u0131\u011f\u0131 144 sayfal\u0131k raporda olay yerinde delil toplayan polislerin yapt\u0131\u011f\u0131 54 hataya dikkat \u00e7ekildi. Mahkemede g\u00f6sterilen videoda delillerin elden ele dola\u015ft\u0131r\u0131lmas\u0131, yere d\u00fc\u015f\u00fcr\u00fclmesi, eldivenlerin pis olmas\u0131, bulgular\u0131n plastik torba yerine k\u00e2\u011f\u0131t torbaya konmas\u0131 ve olay yerine \u00e7ok say\u0131da ki\u015finin girip \u00e7\u0131kmas\u0131 dikkat \u00e7ekti. Duru\u015fma, cumaya ertelendi.<\/p>\n<p>Amerika, \u0130ngiltere ve \u0130talya ba\u015fta olmak \u00fczere t\u00fcm d\u00fcnyada b\u00fcy\u00fck yank\u0131 bulan Amanda Knox cinayetinin filmi de yap\u0131lm\u0131\u015ft\u0131. Cinayete kurban giden Meredith Kercher &#8216;\u0131n ailesi filme tepki g\u00f6sterse de cinayeti anlatan film b\u00fcy\u00fck ilgi g\u00f6rm\u00fc\u015ft\u00fc.<\/p>\n<!-- Error, Advert is not available at this time due to schedule\/geolocation restrictions! -->\n<!-- Error, Advert is not available at this time due to schedule\/geolocation restrictions! -->\n","protected":false},"excerpt":{"rendered":"<p>Amanda Knox &#8216;un cinayet olay\u0131nda ilgin\u00e7 geli\u015fme. Melek y\u00fczl\u00fc katil olarak adland\u0131r\u0131lan Amanda Knox ile ilgili ilgin\u00e7 bir geli\u015fme ya\u015fand\u0131.<\/p>\n","protected":false},"author":3,"featured_media":188444,"comment_status":"open","ping_status":"open","sticky":false,"template":"","format":"standard","meta":{"_acf_changed":false,"footnotes":""},"categories":[6768,6770,6665,6155,5005,6662],"tags":[10667,10675,76672,76671,61307,76673,10968],"class_list":["post-77265","post","type-post","status-publish","format-standard","has-post-thumbnail","hentry","category-amerika","category-avrupa","category-dunya","category-gundem","category-manset","category-yasam","tag-amanda-knox","tag-amanda-knox-cinayeti","tag-amanda-knox-filmi","tag-amanda-knox-mahkeme","tag-amanda-knox-meredith","tag-amanda-knox-serbest","tag-maria-cantwell-amanda-knox"],"acf":[],"_links":{"self":[{"href":"https:\/\/www.nationalturk.com\/tr\/wp-json\/wp\/v2\/posts\/77265","targetHints":{"allow":["GET"]}}],"collection":[{"href":"https:\/\/www.nationalturk.com\/tr\/wp-json\/wp\/v2\/posts"}],"about":[{"href":"https:\/\/www.nationalturk.com\/tr\/wp-json\/wp\/v2\/types\/post"}],"author":[{"embeddable":true,"href":"https:\/\/www.nationalturk.com\/tr\/wp-json\/wp\/v2\/users\/3"}],"replies":[{"embeddable":true,"href":"https:\/\/www.nationalturk.com\/tr\/wp-json\/wp\/v2\/comments?post=77265"}],"version-history":[{"count":0,"href":"https:\/\/www.nationalturk.com\/tr\/wp-json\/wp\/v2\/posts\/77265\/revisions"}],"wp:featuredmedia":[{"embeddable":true,"href":"https:\/\/www.nationalturk.com\/tr\/wp-json\/wp\/v2\/media\/188444"}],"wp:attachment":[{"href":"https:\/\/www.nationalturk.com\/tr\/wp-json\/wp\/v2\/media?parent=77265"}],"wp:term":[{"taxonomy":"category","embeddable":true,"href":"https:\/\/www.nationalturk.com\/tr\/wp-json\/wp\/v2\/categories?post=77265"},{"taxonomy":"post_tag","embeddable":true,"href":"https:\/\/www.nationalturk.com\/tr\/wp-json\/wp\/v2\/tags?post=77265"}],"curies":[{"name":"wp","href":"https:\/\/api.w.org\/{rel}","templated":true}]}}