{"id":77435,"date":"2011-07-28T17:58:46","date_gmt":"2011-07-28T14:58:46","guid":{"rendered":"http:\/\/www.nationalturk.com\/?p=77435"},"modified":"2011-07-28T17:58:46","modified_gmt":"2011-07-28T14:58:46","slug":"son-dakika-fenerbahce-emenike-spartak-moskovada-77435","status":"publish","type":"post","link":"https:\/\/www.nationalturk.com\/tr\/son-dakika-fenerbahce-emenike-spartak-moskovada-77435\/","title":{"rendered":"Son dakika; Fenerbah\u00e7e Emenike&#8217;yi Spartak Moskova&#8217;ya satt\u0131 \/ Fenerbah\u00e7e Haberleri"},"content":{"rendered":"<h1><a href=\"http:\/\/www.nationalturk.com\/tr\/wp-content\/uploads\/2011\/07\/fenerbahce-emenikeyi-spartak-moskovaya-satti1.jpg\"><img loading=\"lazy\" decoding=\"async\" class=\"alignnone size-full wp-image-77437\" title=\"Fenerbah\u00e7e Emenike&#039;yi Spartak Moskova&#039;ya Satt\u0131\" src=\"http:\/\/www.nationalturk.com\/tr\/wp-content\/uploads\/2011\/07\/fenerbahce-emenikeyi-spartak-moskovaya-satti1.jpg\" alt=\"\" width=\"610\" height=\"300\" srcset=\"https:\/\/www.nationalturk.com\/tr\/wp-content\/uploads\/2011\/07\/fenerbahce-emenikeyi-spartak-moskovaya-satti1.jpg 610w, https:\/\/www.nationalturk.com\/tr\/wp-content\/uploads\/2011\/07\/fenerbahce-emenikeyi-spartak-moskovaya-satti1-280x137.jpg 280w\" sizes=\"auto, (max-width: 610px) 100vw, 610px\" \/><\/a><\/h1>\n<h1>Fenerbah\u00e7e Kul\u00fcb\u00fc, Kardemir D.\u00c7. Karab\u00fckspor&#8217;dan kadrosuna dahil etti\u011fi Emenike&#8217;yi 10 milyon Euro kar\u015f\u0131l\u0131\u011f\u0131nda Spartak Moskova&#8217;ya satt\u0131\u011f\u0131n\u0131 a\u00e7\u0131klad\u0131 \/ Fenerbah\u00e7e Haberleri<\/h1>\n<p>Fenerbah\u00e7e Kul\u00fcb\u00fc&#8217;nden KAP&#8217;a g\u00f6nderilen a\u00e7\u0131klama \u015f\u00f6yle;\u00a0Oyuncumuz Emmanuel Chinenye Emenike&#8217;nin bonservisinin 10.000.000 euro (Onmilyon euro) bedelle Spartak Moskova&#8217;ya verilmesi konusunda anla\u015fmaya var\u0131larak s\u00f6zle\u015fmesi imzalanm\u0131\u015ft\u0131r.<\/p>\n<!-- Error, Advert is not available at this time due to schedule\/geolocation restrictions! -->\n<!-- Error, Advert is not available at this time due to schedule\/geolocation restrictions! -->\n","protected":false},"excerpt":{"rendered":"<p>Fenerbah\u00e7e Kul\u00fcb\u00fc, Kardemir D.\u00c7. Karab\u00fckspor&#8217;dan kadrosuna dahil etti\u011fi Emenike&#8217;yi 10 milyon Euro kar\u015f\u0131l\u0131\u011f\u0131nda Spartak Moskova&#8217;ya satt\u0131\u011f\u0131n\u0131 a\u00e7\u0131klad\u0131 \/ Fenerbah\u00e7e Haberleri<\/p>\n","protected":false},"author":28,"featured_media":77437,"comment_status":"open","ping_status":"open","sticky":false,"template":"","format":"standard","meta":{"_acf_changed":false,"footnotes":""},"categories":[6774,6155,5005,6667,6194],"tags":[76782,76836,902,10139,6493,27382,52867],"class_list":["post-77435","post","type-post","status-publish","format-standard","has-post-thumbnail","hentry","category-futbol","category-gundem","category-manset","category-medya","category-spor","tag-emmanuel-chinenye-emenike","tag-fenerbahce-emenike","tag-fenerbahce-kulubu","tag-fenerbahce-transfer","tag-kap","tag-son-dakika","tag-spartak-moskova"],"acf":[],"_links":{"self":[{"href":"https:\/\/www.nationalturk.com\/tr\/wp-json\/wp\/v2\/posts\/77435","targetHints":{"allow":["GET"]}}],"collection":[{"href":"https:\/\/www.nationalturk.com\/tr\/wp-json\/wp\/v2\/posts"}],"about":[{"href":"https:\/\/www.nationalturk.com\/tr\/wp-json\/wp\/v2\/types\/post"}],"author":[{"embeddable":true,"href":"https:\/\/www.nationalturk.com\/tr\/wp-json\/wp\/v2\/users\/28"}],"replies":[{"embeddable":true,"href":"https:\/\/www.nationalturk.com\/tr\/wp-json\/wp\/v2\/comments?post=77435"}],"version-history":[{"count":0,"href":"https:\/\/www.nationalturk.com\/tr\/wp-json\/wp\/v2\/posts\/77435\/revisions"}],"wp:featuredmedia":[{"embeddable":true,"href":"https:\/\/www.nationalturk.com\/tr\/wp-json\/wp\/v2\/media\/77437"}],"wp:attachment":[{"href":"https:\/\/www.nationalturk.com\/tr\/wp-json\/wp\/v2\/media?parent=77435"}],"wp:term":[{"taxonomy":"category","embeddable":true,"href":"https:\/\/www.nationalturk.com\/tr\/wp-json\/wp\/v2\/categories?post=77435"},{"taxonomy":"post_tag","embeddable":true,"href":"https:\/\/www.nationalturk.com\/tr\/wp-json\/wp\/v2\/tags?post=77435"}],"curies":[{"name":"wp","href":"https:\/\/api.w.org\/{rel}","templated":true}]}}