{"id":77683,"date":"2011-08-01T10:14:30","date_gmt":"2011-08-01T07:14:30","guid":{"rendered":"http:\/\/www.nationalturk.com\/?p=77683"},"modified":"2011-08-01T10:14:30","modified_gmt":"2011-08-01T07:14:30","slug":"tarihi-yas-toplantisi-77683","status":"publish","type":"post","link":"https:\/\/www.nationalturk.com\/tr\/tarihi-yas-toplantisi-77683\/","title":{"rendered":"Tarihi YA\u015e toplant\u0131s\u0131 ilk kez 9 komutanla ba\u015flad\u0131!"},"content":{"rendered":"<h1><img loading=\"lazy\" decoding=\"async\" class=\"alignleft size-medium wp-image-77684\" title=\"\" src=\"http:\/\/www.nationalturk.com\/tr\/wp-content\/uploads\/2011\/08\/son-dakika-dikey-206x220.jpg\" alt=\"\" width=\"206\" height=\"220\" srcset=\"https:\/\/www.nationalturk.com\/tr\/wp-content\/uploads\/2011\/08\/son-dakika-dikey-206x220.jpg 206w, https:\/\/www.nationalturk.com\/tr\/wp-content\/uploads\/2011\/08\/son-dakika-dikey.jpg 300w\" sizes=\"auto, (max-width: 206px) 100vw, 206px\" \/><br \/>\nT\u00fcrk Silahl\u0131 Kuvvetleri\u2019nde (TSK) yeni komuta kademesinin belirlenece\u011fi Y\u00fcksek Askeri \u015eura (YA\u015e) toplant\u0131s\u0131 tarihinde ilk kez 14 yerine 9 orgeneral ve oramiral ile ba\u015flad\u0131.<\/h1>\n<p>Ba\u015fbakan Recep Tayyip Erdo\u011fan&#8217;\u0131n yan\u0131 s\u0131ra toplant\u0131ya Kara Kuvvetleri Komutan\u0131 ve Genelkurmay Ba\u015fkan Vekili Orgeneral Necdet \u00d6zel, Milli Savunma Bakan\u0131 \u0130smet Y\u0131lmaz, Genelkurmay \u0130kinci Ba\u015fkan\u0131 Orgeneral Aslan G\u00fcner, 1. Ordu Komutan\u0131 Orgeneral Hayri K\u0131vr\u0131ko\u011flu, 2. Ordu Komutan\u0131 Orgeneral Servet Y\u00f6r\u00fck, 3. Ordu Komutan\u0131 Orgeneral Yal\u00e7\u0131n Ataman, Ege Ordu Komutan\u0131 Orgeneral Nusret Ta\u015fdeler, Kara Kuvvetleri E\u011fitim ve Doktrin (EDOK) Komutan\u0131 Orgeneral Sald\u0131ray Berk, Kara Kuvvetleri Komutanl\u0131\u011f\u0131 Kurmay Ba\u015fkan\u0131 Orgeneral Bekir Kalyoncu ve Donanma Komutan\u0131 Oramiral Emin Murat Bilgel kat\u0131l\u0131yor.<\/p>\n<p>Tutuklu bulunan Harp Akademileri Komutan\u0131 Orgeneral Bilgin Balanl\u0131 ile ge\u00e7ti\u011fimiz hafta emekliliklerini isteyen Orgeneraller I\u015f\u0131k Ko\u015faner, Erdal Ceylano\u011flu, Hasan \u00a0Aksay ile Oramiral E\u015fref U\u011fur Yi\u011fit toplant\u0131ya kat\u0131lm\u0131yor. Hakk\u0131nda yakalama karar\u0131 \u00e7\u0131kar\u0131lmas\u0131 istenen Ege Ordu Komutan\u0131 Orgeneral Nusret Ta\u015fdeler ise YA\u015e\u2019a kat\u0131ld\u0131.YA\u015e kararlar\u0131\u00a04 A\u011fustos Per\u015fembe g\u00fcn\u00fc Cumhurba\u015fkan\u0131 Abdullah G\u00fcl&#8217;e sunulacak.<\/p>\n<!-- Error, Advert is not available at this time due to schedule\/geolocation restrictions! -->\n<!-- Error, Advert is not available at this time due to schedule\/geolocation restrictions! -->\n","protected":false},"excerpt":{"rendered":"<p>T\u00fcrk Silahl\u0131 Kuvvetleri\u2019nde (TSK) yeni komuta kademesinin belirlenece\u011fi Y\u00fcksek Askeri \u015eura (YA\u015e) toplant\u0131s\u0131 tarihinde ilk kez 14 yerine 9 orgeneral ve oramiral ile ba\u015flad\u0131.<\/p>\n","protected":false},"author":4,"featured_media":188412,"comment_status":"open","ping_status":"open","sticky":false,"template":"","format":"standard","meta":{"_acf_changed":false,"footnotes":""},"categories":[6155,5005,6202,6805],"tags":[77111,71445,41172,15767,44349,33935,11666,45063,77109,787,38207,77108,76986],"class_list":["post-77683","post","type-post","status-publish","format-standard","has-post-thumbnail","hentry","category-gundem","category-manset","category-politika","category-turkiye","tag-aslan-guner","tag-bilgin-balanli","tag-erdal-ceylanoglu","tag-esref-ugur-yigit","tag-hayri-kivrikoglu","tag-isik-kosaner","tag-ismet-yilmaz","tag-necdet-ozel","tag-nusret-tasdeler","tag-recep-tayyip-erdogan","tag-yas","tag-yas-toplantisi","tag-yuksek-askeri-sura"],"acf":[],"_links":{"self":[{"href":"https:\/\/www.nationalturk.com\/tr\/wp-json\/wp\/v2\/posts\/77683","targetHints":{"allow":["GET"]}}],"collection":[{"href":"https:\/\/www.nationalturk.com\/tr\/wp-json\/wp\/v2\/posts"}],"about":[{"href":"https:\/\/www.nationalturk.com\/tr\/wp-json\/wp\/v2\/types\/post"}],"author":[{"embeddable":true,"href":"https:\/\/www.nationalturk.com\/tr\/wp-json\/wp\/v2\/users\/4"}],"replies":[{"embeddable":true,"href":"https:\/\/www.nationalturk.com\/tr\/wp-json\/wp\/v2\/comments?post=77683"}],"version-history":[{"count":0,"href":"https:\/\/www.nationalturk.com\/tr\/wp-json\/wp\/v2\/posts\/77683\/revisions"}],"wp:featuredmedia":[{"embeddable":true,"href":"https:\/\/www.nationalturk.com\/tr\/wp-json\/wp\/v2\/media\/188412"}],"wp:attachment":[{"href":"https:\/\/www.nationalturk.com\/tr\/wp-json\/wp\/v2\/media?parent=77683"}],"wp:term":[{"taxonomy":"category","embeddable":true,"href":"https:\/\/www.nationalturk.com\/tr\/wp-json\/wp\/v2\/categories?post=77683"},{"taxonomy":"post_tag","embeddable":true,"href":"https:\/\/www.nationalturk.com\/tr\/wp-json\/wp\/v2\/tags?post=77683"}],"curies":[{"name":"wp","href":"https:\/\/api.w.org\/{rel}","templated":true}]}}