{"id":77824,"date":"2011-08-02T10:52:24","date_gmt":"2011-08-02T07:52:24","guid":{"rendered":"http:\/\/www.nationalturk.com\/?p=77824"},"modified":"2011-08-02T11:30:03","modified_gmt":"2011-08-02T08:30:03","slug":"sinan-engin-sike-son-dakika-haberleri-77824","status":"publish","type":"post","link":"https:\/\/www.nationalturk.com\/tr\/sinan-engin-sike-son-dakika-haberleri-77824\/","title":{"rendered":"Sinan Engin adliyede \/ \u015eike son dakika haberleri"},"content":{"rendered":"<h1><img loading=\"lazy\" decoding=\"async\" class=\"alignleft size-medium wp-image-77825\" title=\"Sinan Engin\" src=\"http:\/\/www.nationalturk.com\/tr\/wp-content\/uploads\/2011\/08\/sinan_engin-280x200.jpg\" alt=\"\" width=\"280\" height=\"200\" srcset=\"https:\/\/www.nationalturk.com\/tr\/wp-content\/uploads\/2011\/08\/sinan_engin-280x200.jpg 280w, https:\/\/www.nationalturk.com\/tr\/wp-content\/uploads\/2011\/08\/sinan_engin.jpg 308w\" sizes=\"auto, (max-width: 280px) 100vw, 280px\" \/>\u015eike soru\u015fturmas\u0131 kapsam\u0131nda Be\u015fikta\u015f&#8217;\u0131n eski menajeri Sinan Engin ifade vermek i\u00e7in Be\u015fikta\u015f&#8217;taki adliyee geldi. Engin&#8217;in, Aziz Y\u0131ld\u0131r\u0131m&#8217;\u0131n iste\u011fiyle Karab\u00fcksporlu Seri\u00e7&#8217;i arad\u0131\u011f\u0131 iddia edilmi\u015fti. \/ \u015eike son dakika haberleri \/ \u015eike soru\u015fturmas\u0131&#8230;<\/h1>\n<p>\u015eike operasyonunda g\u00fcn hareketli ba\u015flad\u0131. Fenerbah\u00e7eli futbolcu Emre Bel\u00f6zo\u011flu&#8217;nun ard\u0131ndan Be\u015fikta\u015f&#8217;\u0131n eski futbolcusu ve idari menajeri Sinan Engin de ifade vermek i\u00e7in Be\u015fikta\u015f&#8217;taki \u0130stanbul Adliyesi&#8217;ne geldi.<\/p>\n[tube]http:\/\/www.youtube.com\/watch?v=-jyOXw_R5uw[\/tube]\n<p>Fenerbah\u00e7e Ba\u015fkan\u0131 Aziz Y\u0131ld\u0131r\u0131m&#8217;\u0131n verdi\u011fi ifadede Sinan Engin&#8217;in ismi b\u00f6yle ge\u00e7mi\u015fti:<\/p>\n<p>KARAB\u00dcK-FENERBAH\u00c7E: 0-1 (8 MAYIS 2011)<br \/>\nSORU: Ma\u00e7ta \u015fike yap\u0131lmas\u0131 i\u00e7in kendisinin \u015eekip Mosturo\u011flu\u2019na talimat verdi\u011fi, Mosturo\u011flu\u2019nun da Sami Din\u00e7 arac\u0131l\u0131\u011f\u0131yla Emenike\u2019nin menajeri ve kendisiyle \u015fike konusunda g\u00f6r\u00fc\u015ft\u00fc\u011f\u00fc ve futbolcunun bilerek ma\u00e7ta oynamad\u0131\u011f\u0131 bunun yan\u0131nda kendisini Sinan Engin\u2019den futbolcu Seric\u2019in menejer bilgilerini alarak, Mosturo\u011flu\u2019na bu futbolcuya ula\u015f\u0131lmas\u0131 i\u00e7in talimat verdi\u011fi, Mosturo\u011flu\u2019nun Ayhan \u00c7opuro\u011flu arac\u0131l\u0131\u011f\u0131yla futbolcunun menajerine ula\u015ft\u0131\u011f\u0131 ve \u015fike konusunda teklif g\u00f6t\u00fcrd\u00fc\u011f\u00fc ancak futbolcunun 200 bin dolar\u0131 kabul etmedi\u011fi, menajer Batur Alt\u0131parmak ile de birtak\u0131m futbolcularla g\u00f6r\u00fc\u015fmesi i\u00e7in telefon konu\u015fmalar\u0131n\u0131n bulundu\u011fu iddias\u0131<\/p>\n<p>CEVAP: Belirtilen s\u00fcre\u00e7te Emenike ile normal transfer g\u00f6r\u00fc\u015fmeleri oldu. Kul\u00fcb\u00fcn\u00fcn m\u00fcsadesi vard\u0131. \u00d6nce kul\u00fcb\u00fc ile anla\u015fm\u0131\u015ft\u0131k. \u015eahsa \u015fike teklifinde bulunuldu\u011fu iddias\u0131 tamamiyle yaland\u0131r. Ayr\u0131ca o s\u00fcre\u00e7te Sinan Engin\u2019le Be\u015fikta\u015f\u2019ta oynayan Seric\u2019le irtibat kurmas\u0131 i\u00e7in yard\u0131m istedim. Amac\u0131m\u0131z Karab\u00fcksporlu futbolculara Trabzonspor Kul\u00fcb\u00fc\u2019nden \u015fike ama\u00e7l\u0131 para g\u00f6nderildi\u011fi ve baz\u0131 giri\u015fimlerde bulunuldu\u011funa ili\u015fkin ald\u0131\u011f\u0131m\u0131z duyumlar\u0131 teyit etmekti. \u00c7ocuk Sinan\u2019a b\u00f6yle bir \u015fey olmad\u0131\u011f\u0131n\u0131 s\u00f6ylemi\u015f.<\/p>\n<!-- Error, Advert is not available at this time due to schedule\/geolocation restrictions! -->\n<!-- Error, Advert is not available at this time due to schedule\/geolocation restrictions! -->\n","protected":false},"excerpt":{"rendered":"<p>\u015eike soru\u015fturmas\u0131 kapsam\u0131nda Be\u015fikta\u015f&#8217;\u0131n eski menajeri Sinan Engin ifade vermek i\u00e7in Be\u015fikta\u015f&#8217;taki adliyee geldi. Engin&#8217;in, Aziz Y\u0131ld\u0131r\u0131m&#8217;\u0131n iste\u011fiyle Karab\u00fcksporlu Seri\u00e7&#8217;i arad\u0131\u011f\u0131 iddia edilmi\u015fti. \/ \u015eike son dakika haberleri \/ \u015eike soru\u015fturmas\u0131&#8230;<\/p>\n","protected":false},"author":4,"featured_media":188387,"comment_status":"open","ping_status":"open","sticky":false,"template":"","format":"standard","meta":{"_acf_changed":false,"footnotes":""},"categories":[6774,6155,5005,349,6194],"tags":[5058,849,21483,74522,19436,75142,75143],"class_list":["post-77824","post","type-post","status-publish","format-standard","has-post-thumbnail","hentry","category-futbol","category-gundem","category-manset","category-son-dakika","category-spor","tag-aziz-yildirim","tag-fenerbahce","tag-sike","tag-sike-son-dakika","tag-sike-sorusturmasi","tag-sinan-engin","tag-sinan-engin-sike"],"acf":[],"_links":{"self":[{"href":"https:\/\/www.nationalturk.com\/tr\/wp-json\/wp\/v2\/posts\/77824","targetHints":{"allow":["GET"]}}],"collection":[{"href":"https:\/\/www.nationalturk.com\/tr\/wp-json\/wp\/v2\/posts"}],"about":[{"href":"https:\/\/www.nationalturk.com\/tr\/wp-json\/wp\/v2\/types\/post"}],"author":[{"embeddable":true,"href":"https:\/\/www.nationalturk.com\/tr\/wp-json\/wp\/v2\/users\/4"}],"replies":[{"embeddable":true,"href":"https:\/\/www.nationalturk.com\/tr\/wp-json\/wp\/v2\/comments?post=77824"}],"version-history":[{"count":0,"href":"https:\/\/www.nationalturk.com\/tr\/wp-json\/wp\/v2\/posts\/77824\/revisions"}],"wp:featuredmedia":[{"embeddable":true,"href":"https:\/\/www.nationalturk.com\/tr\/wp-json\/wp\/v2\/media\/188387"}],"wp:attachment":[{"href":"https:\/\/www.nationalturk.com\/tr\/wp-json\/wp\/v2\/media?parent=77824"}],"wp:term":[{"taxonomy":"category","embeddable":true,"href":"https:\/\/www.nationalturk.com\/tr\/wp-json\/wp\/v2\/categories?post=77824"},{"taxonomy":"post_tag","embeddable":true,"href":"https:\/\/www.nationalturk.com\/tr\/wp-json\/wp\/v2\/tags?post=77824"}],"curies":[{"name":"wp","href":"https:\/\/api.w.org\/{rel}","templated":true}]}}