{"id":77856,"date":"2011-08-02T13:52:45","date_gmt":"2011-08-02T10:52:45","guid":{"rendered":"http:\/\/www.nationalturk.com\/?p=77856"},"modified":"2022-08-26T11:37:05","modified_gmt":"2022-08-26T08:37:05","slug":"kobe-byrant-besiktas-yildirim-demiroren-77856","status":"publish","type":"post","link":"https:\/\/www.nationalturk.com\/tr\/kobe-byrant-besiktas-yildirim-demiroren-77856\/","title":{"rendered":"Son dakika: Y\u0131ld\u0131r\u0131m Demir\u00f6ren Kobe Byrant i\u00e7in ABD&#8217;ye gidiyor"},"content":{"rendered":"<h1><img loading=\"lazy\" decoding=\"async\" class=\"alignleft size-medium wp-image-77857\" title=\"Kobe Byrant Be\u015fikta\u015f\" src=\"http:\/\/www.nationalturk.com\/tr\/wp-content\/uploads\/2011\/08\/kobebyrant_besiktas-280x186.jpg\" alt=\"\" width=\"280\" height=\"186\" srcset=\"https:\/\/www.nationalturk.com\/tr\/wp-content\/uploads\/2011\/08\/kobebyrant_besiktas-280x186.jpg 280w, https:\/\/www.nationalturk.com\/tr\/wp-content\/uploads\/2011\/08\/kobebyrant_besiktas.jpg 459w\" sizes=\"auto, (max-width: 280px) 100vw, 280px\" \/>Be\u015fikta\u015f Ba\u015fkan\u0131 Y\u0131ld\u0131r\u0131m Demir\u00f6ren ya\u015fayan efsane Kobe Byrant ile transfer g\u00f6r\u00fc\u015fmesi yapmak i\u00e7in bu ak\u015fam ABD&#8217;ye gidiyor. \u00a0\/ Be\u015fikta\u015f Haberleri&#8230;<\/h1>\n<p>NBA&#8217;deki lokavttan faydalanarak Deron Williams&#8217;a kadrosuna katan ve t\u00fcm d\u00fcnyada s\u00fckse yapan Be\u015fikta\u015f, bu sefer de g\u00f6z\u00fcn\u00fc d\u00fcnyan\u0131n en iyi faal basketbolcusu Kobe Byrant&#8217;a dikti. Ba\u015fkan Y\u0131ld\u0131r\u0131m Demir\u00f6ren, \u00f6nceki g\u00fcn &#8220;T\u00fcrkiye, \u0130talya veya \u00c7in&#8217;de oynayabilirim&#8221; a\u00e7\u0131klamas\u0131n\u0131 yapan Kobe Byrant ile g\u00f6r\u00fc\u015fmek i\u00e7in bug\u00fcn Amerika Birle\u015fik Devletleri&#8217;ne gidiyor.<\/p>\n<p>Be\u015fikta\u015f antren\u00f6r\u00fc Ergin Ataman da d\u00fcn Deron Williams\u2019\u0131 kast ederek d\u00fcnyan\u0131n en iyi point guard\u0131n\u0131 transfer ettikleri i\u00e7in mutlu olduklar\u0131n\u0131 belirterek &#8220;Kobe Bryant\u2019\u0131 da onunla birlikte tak\u0131m\u0131mda g\u00f6rmek istiyorum&#8221; demi\u015fti.\u00a0Ergin Ataman, Kobe Byrant i\u00e7in resmi teklifi yapt\u0131klar\u0131n\u0131 da ifade ederek \u201cBu hafta menajeriyle Los Angeles\u2019ta g\u00f6r\u00fc\u015f\u00fclecek\u201d dedi.<\/p>\n<!-- Error, Advert is not available at this time due to schedule\/geolocation restrictions! -->\n","protected":false},"excerpt":{"rendered":"<p>Be\u015fikta\u015f Ba\u015fkan\u0131 Y\u0131ld\u0131r\u0131m Demir\u00f6ren ya\u015fayan efsane Kobe Byrant ile transfer g\u00f6r\u00fc\u015fmesi yapmak i\u00e7in bu ak\u015fam ABD&#8217;ye gidiyor.  \/ Be\u015fikta\u015f Haberleri&#8230;<\/p>\n","protected":false},"author":4,"featured_media":188380,"comment_status":"open","ping_status":"open","sticky":false,"template":"","format":"standard","meta":{"_acf_changed":false,"footnotes":""},"categories":[8338,6774,5005,6194],"tags":[1748,55488,58599,58600,48055,2269],"class_list":["post-77856","post","type-post","status-publish","format-standard","has-post-thumbnail","hentry","category-basketbol","category-futbol","category-manset","category-spor","tag-besiktas","tag-deron-williams","tag-ergin-ataman","tag-ergin-ataman-besiktas","tag-twitter","tag-yildirim-demiroren"],"acf":[],"_links":{"self":[{"href":"https:\/\/www.nationalturk.com\/tr\/wp-json\/wp\/v2\/posts\/77856","targetHints":{"allow":["GET"]}}],"collection":[{"href":"https:\/\/www.nationalturk.com\/tr\/wp-json\/wp\/v2\/posts"}],"about":[{"href":"https:\/\/www.nationalturk.com\/tr\/wp-json\/wp\/v2\/types\/post"}],"author":[{"embeddable":true,"href":"https:\/\/www.nationalturk.com\/tr\/wp-json\/wp\/v2\/users\/4"}],"replies":[{"embeddable":true,"href":"https:\/\/www.nationalturk.com\/tr\/wp-json\/wp\/v2\/comments?post=77856"}],"version-history":[{"count":0,"href":"https:\/\/www.nationalturk.com\/tr\/wp-json\/wp\/v2\/posts\/77856\/revisions"}],"wp:featuredmedia":[{"embeddable":true,"href":"https:\/\/www.nationalturk.com\/tr\/wp-json\/wp\/v2\/media\/188380"}],"wp:attachment":[{"href":"https:\/\/www.nationalturk.com\/tr\/wp-json\/wp\/v2\/media?parent=77856"}],"wp:term":[{"taxonomy":"category","embeddable":true,"href":"https:\/\/www.nationalturk.com\/tr\/wp-json\/wp\/v2\/categories?post=77856"},{"taxonomy":"post_tag","embeddable":true,"href":"https:\/\/www.nationalturk.com\/tr\/wp-json\/wp\/v2\/tags?post=77856"}],"curies":[{"name":"wp","href":"https:\/\/api.w.org\/{rel}","templated":true}]}}