{"id":77913,"date":"2011-08-02T18:33:11","date_gmt":"2011-08-02T15:33:11","guid":{"rendered":"http:\/\/www.nationalturk.com\/?p=77913"},"modified":"2011-08-02T18:33:11","modified_gmt":"2011-08-02T15:33:11","slug":"eboue-galatasaray-transfer-haberleri-77913","status":"publish","type":"post","link":"https:\/\/www.nationalturk.com\/tr\/eboue-galatasaray-transfer-haberleri-77913\/","title":{"rendered":"Emmanuel Eboue Galatasaray&#8217;a yak\u0131n \/ Galatasaray Transfer Haberleri"},"content":{"rendered":"<h1><img loading=\"lazy\" decoding=\"async\" class=\"alignleft size-medium wp-image-77914\" title=\"Eboue\" src=\"http:\/\/www.nationalturk.com\/tr\/wp-content\/uploads\/2011\/08\/eboue-280x174.jpg\" alt=\"\" width=\"280\" height=\"174\" srcset=\"https:\/\/www.nationalturk.com\/tr\/wp-content\/uploads\/2011\/08\/eboue-280x174.jpg 280w, https:\/\/www.nationalturk.com\/tr\/wp-content\/uploads\/2011\/08\/eboue.jpg 460w\" sizes=\"auto, (max-width: 280px) 100vw, 280px\" \/>Galatasaray, \u0130ngiliz ekibi Arsenal\u2019da forma giyen sa\u011f bek Emmanuel Eboue transferinde sona yakla\u015ft\u0131. \/ Galatasaray Transfer Haberleri&#8230;<\/h1>\n<p>Fatih Terim&#8217;in \u0131srarla istedi\u011fi Emmanuel Eboue ile Galatasaray y\u00f6netimi aras\u0131nda yap\u0131lan g\u00f6r\u00fc\u015fmelerde\u00a0sorun kalmad\u0131\u011f\u0131 ve y\u0131ld\u0131z oyuncunun Sar\u0131-k\u0131rm\u0131z\u0131l\u0131lar\u0131n teklifini kesin olarak kabul etti\u011fi \u00f6\u011frenildi. Do\u011fan Haber Ajans\u0131&#8217;n\u0131n haberine g\u00f6re Galatasaray ile Arsenal aras\u0131nda 10 milyon Euro\u2019dan ba\u015flayan bonservis pazarl\u0131\u011f\u0131nda da rakam 4,5 milyon Euro\u2019ya kadar indi ve Arsenal bonservisi vermeyi kabul etti. Liverpool ma\u00e7\u0131 sonras\u0131nda Fatih Terim\u2019in baz\u0131 y\u00f6neticiler hakk\u0131nda yapt\u0131\u011f\u0131 a\u00e7\u0131klama sonras\u0131nda Eboue\u2019nin transferi i\u00e7in beklemeye ge\u00e7ildi\u011fi ve y\u00f6netim i\u00e7inde g\u00f6r\u00fc\u015f ayr\u0131l\u011f\u0131n\u0131n giderildi\u011fi takdirde bu transferin her an ger\u00e7ekle\u015febilece\u011fi \u00f6\u011frenildi.<\/p>\n<!-- Error, Advert is not available at this time due to schedule\/geolocation restrictions! -->\n","protected":false},"excerpt":{"rendered":"<p>Galatasaray, \u0130ngiliz ekibi Arsenal\u2019da forma giyen sa\u011f bek Emmanuel Eboue transferinde sona yakla\u015ft\u0131. \/ Galatasaray Transfer Haberleri&#8230;<\/p>\n","protected":false},"author":4,"featured_media":188372,"comment_status":"open","ping_status":"open","sticky":false,"template":"","format":"standard","meta":{"_acf_changed":false,"footnotes":""},"categories":[6774,5005,6194],"tags":[77305,77306,31072,5891,4114,13004],"class_list":["post-77913","post","type-post","status-publish","format-standard","has-post-thumbnail","hentry","category-futbol","category-manset","category-spor","tag-eboue","tag-eboue-galatasaray","tag-emmanuel-eboue","tag-fatih-terim","tag-galatasaray","tag-galatasaray-transfer"],"acf":[],"_links":{"self":[{"href":"https:\/\/www.nationalturk.com\/tr\/wp-json\/wp\/v2\/posts\/77913","targetHints":{"allow":["GET"]}}],"collection":[{"href":"https:\/\/www.nationalturk.com\/tr\/wp-json\/wp\/v2\/posts"}],"about":[{"href":"https:\/\/www.nationalturk.com\/tr\/wp-json\/wp\/v2\/types\/post"}],"author":[{"embeddable":true,"href":"https:\/\/www.nationalturk.com\/tr\/wp-json\/wp\/v2\/users\/4"}],"replies":[{"embeddable":true,"href":"https:\/\/www.nationalturk.com\/tr\/wp-json\/wp\/v2\/comments?post=77913"}],"version-history":[{"count":0,"href":"https:\/\/www.nationalturk.com\/tr\/wp-json\/wp\/v2\/posts\/77913\/revisions"}],"wp:featuredmedia":[{"embeddable":true,"href":"https:\/\/www.nationalturk.com\/tr\/wp-json\/wp\/v2\/media\/188372"}],"wp:attachment":[{"href":"https:\/\/www.nationalturk.com\/tr\/wp-json\/wp\/v2\/media?parent=77913"}],"wp:term":[{"taxonomy":"category","embeddable":true,"href":"https:\/\/www.nationalturk.com\/tr\/wp-json\/wp\/v2\/categories?post=77913"},{"taxonomy":"post_tag","embeddable":true,"href":"https:\/\/www.nationalturk.com\/tr\/wp-json\/wp\/v2\/tags?post=77913"}],"curies":[{"name":"wp","href":"https:\/\/api.w.org\/{rel}","templated":true}]}}