{"id":77934,"date":"2011-08-03T10:39:19","date_gmt":"2011-08-03T07:39:19","guid":{"rendered":"http:\/\/www.nationalturk.com\/?p=77934"},"modified":"2011-08-03T10:39:19","modified_gmt":"2011-08-03T07:39:19","slug":"besiktas-beyaz-forma-besiktas-haberleri-77934","status":"publish","type":"post","link":"https:\/\/www.nationalturk.com\/tr\/besiktas-beyaz-forma-besiktas-haberleri-77934\/","title":{"rendered":"Be\u015fikta\u015f&#8217;\u0131n beyaz formalar\u0131 sat\u0131\u015fa \u00e7\u0131kt\u0131 \/ Be\u015fikta\u015f Haberleri"},"content":{"rendered":"<h1><img loading=\"lazy\" decoding=\"async\" class=\"alignleft size-medium wp-image-77935\" title=\"Be\u015fikta\u015f Beyaz Forma\" src=\"http:\/\/www.nationalturk.com\/tr\/wp-content\/uploads\/2011\/08\/beyazforma-280x217.jpg\" alt=\"\" width=\"280\" height=\"217\" srcset=\"https:\/\/www.nationalturk.com\/tr\/wp-content\/uploads\/2011\/08\/beyazforma-280x217.jpg 280w, https:\/\/www.nationalturk.com\/tr\/wp-content\/uploads\/2011\/08\/beyazforma-514x400.jpg 514w, https:\/\/www.nationalturk.com\/tr\/wp-content\/uploads\/2011\/08\/beyazforma.jpg 1072w\" sizes=\"auto, (max-width: 280px) 100vw, 280px\" \/>Be\u015fikta\u015f&#8217;\u0131n yeni sezonda giyece\u011fi formalardan beyaz olan\u0131 bug\u00fcn sat\u0131\u015fa \u00e7\u0131kt\u0131. 95 TL&#8217;den sat\u0131lan formalara T\u00fcrk bayra\u011f\u0131n\u0131n eklenmesi dikkat \u00e7ekti.<\/h1>\n<p>Di\u011fer formalar\u0131 merakla beklenen Be\u015fikta\u015f, ilk olarak &#8220;Beyaz Forma&#8221;y\u0131 bug\u00fcn Kartal Yuvas\u0131 ma\u011fazalar\u0131nda sat\u0131\u015fa \u00e7\u0131kard\u0131. Cola Turka yerine Toyota reklam\u0131n\u0131n konuldu\u011fu formalarla ilgili olarak siyah beyazl\u0131 kul\u00fcb\u00fcn internet sitesinden yap\u0131lan a\u00e7\u0131klamada &#8220;G\u00f6\u011fs\u00fcnde b\u00fct\u00fcn ha\u015fmetiyle duran \u2018Kartal\u2019 ile beyaz formam\u0131z, her sezon oldu\u011fu gibi 2011\/ 2012 sezonunda da kazanmay\u0131 hedefledi\u011fimiz ba\u015far\u0131larda en b\u00fcy\u00fck itici g\u00fcc\u00fcm\u00fcz olacak.\u00a0Bembeyaz ve mutlu g\u00fcnlere do\u011fru ko\u015faca\u011f\u0131m\u0131za emin olarak, \u00fczerimizdeki beyaz forma, ayn\u0131 zamanda kalbimizin temizli\u011fini ve duru\u015fumuzu temsil edecek&#8221; denildi.<\/p>\n<p>Forma sponsoru Toyota da Be\u015fikta\u015f taraftarlar\u0131na y\u00f6nelik bir a\u00e7\u0131klama yapt\u0131:<\/p>\n<p>&#8220;Yeni sezonda formas\u0131nda TOYOTA markas\u0131 ile m\u00fccadele edecek olan Be\u015fikta\u015f\u2019a\u2026<br \/>\nHem sahalarda hem trib\u00fcnlerde&#8230;<\/p>\n<p>H\u0131rsla d\u00fcr\u00fcstl\u00fc\u011f\u00fcn, rekabetle dostlu\u011fun el ele verece\u011fi&#8230;<\/p>\n<p>Her ne pahas\u0131na olursa olsun kazanmak yerine Fair Play\u2019in hakim olaca\u011f\u0131&#8230;<\/p>\n<p>T\u00fcrk futboluna yak\u0131\u015fan hareketlerle co\u015fku ve heyecan\u0131 art\u0131ran Toyota gibi adamlar g\u00f6rece\u011fimiz bir sezon diliyoruz&#8230;<\/p>\n<p>TOYOTA\u2019n\u0131n Be\u015fikta\u015f\u2019a ve Be\u015fikta\u015f taraftar\u0131na u\u011furlu gelmesi dile\u011fiyle, yeni formalar hay\u0131rl\u0131 olsun.&#8221;<\/p>\n<!-- Error, Advert is not available at this time due to schedule\/geolocation restrictions! -->\n","protected":false},"excerpt":{"rendered":"<p>Be\u015fikta\u015f&#8217;\u0131n yeni sezonda giyece\u011fi formalardan beyaz olan\u0131 bug\u00fcn sat\u0131\u015fa \u00e7\u0131kt\u0131. 95 TL&#8217;den sat\u0131lan formalara T\u00fcrk bayra\u011f\u0131n\u0131n eklenmesi dikkat \u00e7ekti.<\/p>\n","protected":false},"author":4,"featured_media":188368,"comment_status":"open","ping_status":"open","sticky":false,"template":"","format":"standard","meta":{"_acf_changed":false,"footnotes":""},"categories":[6774,6194],"tags":[1748,77328,74187,77326],"class_list":["post-77934","post","type-post","status-publish","format-standard","has-post-thumbnail","hentry","category-futbol","category-spor","tag-besiktas","tag-besiktas-formalari","tag-besiktas-toyota","tag-besiktas-yeni-forma"],"acf":[],"_links":{"self":[{"href":"https:\/\/www.nationalturk.com\/tr\/wp-json\/wp\/v2\/posts\/77934","targetHints":{"allow":["GET"]}}],"collection":[{"href":"https:\/\/www.nationalturk.com\/tr\/wp-json\/wp\/v2\/posts"}],"about":[{"href":"https:\/\/www.nationalturk.com\/tr\/wp-json\/wp\/v2\/types\/post"}],"author":[{"embeddable":true,"href":"https:\/\/www.nationalturk.com\/tr\/wp-json\/wp\/v2\/users\/4"}],"replies":[{"embeddable":true,"href":"https:\/\/www.nationalturk.com\/tr\/wp-json\/wp\/v2\/comments?post=77934"}],"version-history":[{"count":0,"href":"https:\/\/www.nationalturk.com\/tr\/wp-json\/wp\/v2\/posts\/77934\/revisions"}],"wp:featuredmedia":[{"embeddable":true,"href":"https:\/\/www.nationalturk.com\/tr\/wp-json\/wp\/v2\/media\/188368"}],"wp:attachment":[{"href":"https:\/\/www.nationalturk.com\/tr\/wp-json\/wp\/v2\/media?parent=77934"}],"wp:term":[{"taxonomy":"category","embeddable":true,"href":"https:\/\/www.nationalturk.com\/tr\/wp-json\/wp\/v2\/categories?post=77934"},{"taxonomy":"post_tag","embeddable":true,"href":"https:\/\/www.nationalturk.com\/tr\/wp-json\/wp\/v2\/tags?post=77934"}],"curies":[{"name":"wp","href":"https:\/\/api.w.org\/{rel}","templated":true}]}}