{"id":78303,"date":"2011-08-06T11:47:58","date_gmt":"2011-08-06T08:47:58","guid":{"rendered":"http:\/\/www.nationalturk.com\/?p=78303"},"modified":"2011-08-06T11:47:58","modified_gmt":"2011-08-06T08:47:58","slug":"nez-cem-uzan-ciftlik-magazin-haberleri-78303","status":"publish","type":"post","link":"https:\/\/www.nationalturk.com\/tr\/nez-cem-uzan-ciftlik-magazin-haberleri-78303\/","title":{"rendered":"Nez: Cem Uzan beni \u00e7iftli\u011fine kapatt\u0131! \/ Magazin Haberleri"},"content":{"rendered":"<h1><img loading=\"lazy\" decoding=\"async\" class=\"alignnone size-large wp-image-78305\" title=\"Nez\" src=\"http:\/\/www.nationalturk.com\/tr\/wp-content\/uploads\/2011\/08\/nez-610x397.jpg\" alt=\"\" width=\"610\" height=\"397\" srcset=\"https:\/\/www.nationalturk.com\/tr\/wp-content\/uploads\/2011\/08\/nez-610x397.jpg 610w, https:\/\/www.nationalturk.com\/tr\/wp-content\/uploads\/2011\/08\/nez-280x182.jpg 280w, https:\/\/www.nationalturk.com\/tr\/wp-content\/uploads\/2011\/08\/nez.jpg 740w\" sizes=\"auto, (max-width: 610px) 100vw, 610px\" \/><\/h1>\n<h1>Yeni single&#8217;\u0131 Nez Zaman\u0131 ile m\u00fczik d\u00fcnyas\u0131na d\u00f6n\u00fc\u015f yapan Nez, ilk alb\u00fcm\u00fcn\u00fc Cem Uzan&#8217;\u0131n kendisini \u00e7iftli\u011fine kapatmas\u0131yla yapt\u0131\u011f\u0131n\u0131 s\u00f6yledi. \/ Magazin Haberleri<\/h1>\n<p>Radyo Klas&#8217;ta yay\u0131nlanan Michael Show\u2019da konuk olan Nez, m\u00fczik d\u00fcnyas\u0131na girdi\u011fi s\u0131rada Cem Uzan&#8217;\u0131n alb\u00fcm teklifi yapmak i\u00e7in kendisini u\u00e7akla \u00e7iftli\u011fine g\u00f6t\u00fcrd\u00fc\u011f\u00fcn\u00fc ve 1.5 ay boyunca hi\u00e7bir yere \u00e7\u0131kartmad\u0131\u011f\u0131n\u0131 s\u00f6yledi. \u00a01.5 ay boyunca \u00e7al\u0131\u015ft\u0131\u011f\u0131n\u0131 ve e\u015fi benzeri g\u00f6r\u00fclmemi\u015f \u015fekilde alb\u00fcm\u00fcn\u00fc haz\u0131rlad\u0131\u011f\u0131n\u0131 dile getiren Nez, &#8220;\u00c7iftlik\u00a0Dallas sanki. Her an Ceyar \u00e7\u0131kacak gibiydi. Her yerde korumalar vard\u0131. Bir \u015fey istemedim, elimde bir alb\u00fcmle hi\u00e7bir yere gitmedim. Onlardan alb\u00fcm teklifi geldi&#8221; diye konu\u015ftu.<\/p>\n<p>Nez, Eurovision&#8217;da T\u00fcrkiye&#8217;yi temsil etmek istedi\u011fini belirterek &#8220;T\u00fcrk\u00e7e de s\u00f6ylerim, \u0130ngilizce de. Do\u011fu-Bat\u0131 sentezi yapar\u0131m. \u00dclkemizin enstr\u00fcmanlar\u0131n\u0131 \u00f6n plana \u00e7\u0131kart\u0131r\u0131m&#8221; dedi.<\/p>\n<!-- Error, Advert is not available at this time due to schedule\/geolocation restrictions! -->\n<!-- Error, Advert is not available at this time due to schedule\/geolocation restrictions! -->\n","protected":false},"excerpt":{"rendered":"<p>Yeni single&#8217;\u0131 Nez Zaman\u0131 ile m\u00fczik d\u00fcnyas\u0131na d\u00f6n\u00fc\u015f yapan Nez, ilk alb\u00fcm\u00fcn\u00fc Cem Uzan&#8217;\u0131n kendisini \u00e7iftli\u011fine kapatmas\u0131yla yapt\u0131\u011f\u0131n\u0131 s\u00f6yledi. \/ Magazin Haberleri<\/p>\n","protected":false},"author":4,"featured_media":188317,"comment_status":"open","ping_status":"open","sticky":false,"template":"","format":"standard","meta":{"_acf_changed":false,"footnotes":""},"categories":[6232,5005,36154,6805],"tags":[20326,195945],"class_list":["post-78303","post","type-post","status-publish","format-standard","has-post-thumbnail","hentry","category-magazin","category-manset","category-muzik","category-turkiye","tag-cem-uzan","tag-magazin"],"acf":[],"_links":{"self":[{"href":"https:\/\/www.nationalturk.com\/tr\/wp-json\/wp\/v2\/posts\/78303","targetHints":{"allow":["GET"]}}],"collection":[{"href":"https:\/\/www.nationalturk.com\/tr\/wp-json\/wp\/v2\/posts"}],"about":[{"href":"https:\/\/www.nationalturk.com\/tr\/wp-json\/wp\/v2\/types\/post"}],"author":[{"embeddable":true,"href":"https:\/\/www.nationalturk.com\/tr\/wp-json\/wp\/v2\/users\/4"}],"replies":[{"embeddable":true,"href":"https:\/\/www.nationalturk.com\/tr\/wp-json\/wp\/v2\/comments?post=78303"}],"version-history":[{"count":0,"href":"https:\/\/www.nationalturk.com\/tr\/wp-json\/wp\/v2\/posts\/78303\/revisions"}],"wp:featuredmedia":[{"embeddable":true,"href":"https:\/\/www.nationalturk.com\/tr\/wp-json\/wp\/v2\/media\/188317"}],"wp:attachment":[{"href":"https:\/\/www.nationalturk.com\/tr\/wp-json\/wp\/v2\/media?parent=78303"}],"wp:term":[{"taxonomy":"category","embeddable":true,"href":"https:\/\/www.nationalturk.com\/tr\/wp-json\/wp\/v2\/categories?post=78303"},{"taxonomy":"post_tag","embeddable":true,"href":"https:\/\/www.nationalturk.com\/tr\/wp-json\/wp\/v2\/tags?post=78303"}],"curies":[{"name":"wp","href":"https:\/\/api.w.org\/{rel}","templated":true}]}}