{"id":78341,"date":"2011-08-06T14:44:03","date_gmt":"2011-08-06T11:44:03","guid":{"rendered":"http:\/\/www.nationalturk.com\/?p=78341"},"modified":"2011-08-06T14:44:03","modified_gmt":"2011-08-06T11:44:03","slug":"manisa-kula-trafik-kazasi-78341","status":"publish","type":"post","link":"https:\/\/www.nationalturk.com\/tr\/manisa-kula-trafik-kazasi-78341\/","title":{"rendered":"Manisa Kula&#8217;da trafik kazas\u0131: 2 \u00f6l\u00fc"},"content":{"rendered":"<h1><img loading=\"lazy\" decoding=\"async\" class=\"alignleft size-medium wp-image-78343\" title=\"\" src=\"http:\/\/www.nationalturk.com\/tr\/wp-content\/uploads\/2011\/08\/trafik_canavari3-220x220.jpg\" alt=\"\" width=\"220\" height=\"220\" srcset=\"https:\/\/www.nationalturk.com\/tr\/wp-content\/uploads\/2011\/08\/trafik_canavari3-220x220.jpg 220w, https:\/\/www.nationalturk.com\/tr\/wp-content\/uploads\/2011\/08\/trafik_canavari3-50x50.jpg 50w, https:\/\/www.nationalturk.com\/tr\/wp-content\/uploads\/2011\/08\/trafik_canavari3-400x400.jpg 400w, https:\/\/www.nationalturk.com\/tr\/wp-content\/uploads\/2011\/08\/trafik_canavari3.jpg 500w\" sizes=\"auto, (max-width: 220px) 100vw, 220px\" \/>Manisa Kula&#8217;da trafik kazas\u0131: 2 \u00f6l\u00fc!\u00a0Manisa&#8217;n\u0131n Kula il\u00e7esinde meydana gelen trafik kazas\u0131nda 2 ki\u015fi hayat\u0131n\u0131 kaybetti, 1 ki\u015fi de yaraland\u0131.<\/h1>\n<p>Kula&#8217;dan \u0130zmir istikametine gitmekte olan Emrullah Kavak (30) idaresindeki 35 PCN 33 plakal\u0131 otomobille \u0130zmir\u2019den Ankara\u2019ya gitmekte olan Hilmi Karadeniz idaresindeki 06 SBJ 82 plakal\u0131 demir y\u00fckl\u00fc TIR, Sandal beldesi yak\u0131nlar\u0131nda \u00e7arp\u0131\u015ft\u0131. Kazada s\u00fcr\u00fcc\u00fc Kavak ve yan\u0131nda bulunan arkada\u015f\u0131 Tevfik K\u00f6se (26) hayat\u0131n\u0131 kaybetti. Hafif s\u0131yr\u0131klarla kurtulan TIR \u015fof\u00f6r\u00fc Karadeniz, 112 Acil Sa\u011fl\u0131k ekibi taraf\u0131ndan ilk m\u00fcdahalesi yap\u0131ld\u0131ktan sonra Kula Devlet Hastanesi&#8217;ne kald\u0131r\u0131ld\u0131.<\/p>\n<p>Tedavisinden sonra ise g\u00f6zalt\u0131na al\u0131nd\u0131. Kaza sebebiyle \u0130zmir-Ankara karayolu yakla\u015f\u0131k 1 saat ula\u015f\u0131ma kapand\u0131, uzun ara\u00e7 kuyruklar\u0131 olu\u015ftu. Kazayla ilgili soru\u015fturma devam ediyor.<\/p>\n<!-- Error, Advert is not available at this time due to schedule\/geolocation restrictions! -->\n<!-- Error, Advert is not available at this time due to schedule\/geolocation restrictions! -->\n","protected":false},"excerpt":{"rendered":"<p>Manisa Kula&#8217;da trafik kazas\u0131: 2 \u00f6l\u00fc! Manisa&#8217;n\u0131n Kula il\u00e7esinde meydana gelen trafik kazas\u0131nda 2 ki\u015fi hayat\u0131n\u0131 kaybetti, 1 ki\u015fi de yaraland\u0131.<\/p>\n","protected":false},"author":4,"featured_media":188309,"comment_status":"open","ping_status":"open","sticky":false,"template":"","format":"standard","meta":{"_acf_changed":false,"footnotes":""},"categories":[6155,349,6805],"tags":[31706,3144,31707,77646,42307],"class_list":["post-78341","post","type-post","status-publish","format-standard","has-post-thumbnail","hentry","category-gundem","category-son-dakika","category-turkiye","tag-kula-trafik-kazasi","tag-manisa","tag-manisa-kula","tag-manisa-trafik-kazasi","tag-tevfik-kose"],"acf":[],"_links":{"self":[{"href":"https:\/\/www.nationalturk.com\/tr\/wp-json\/wp\/v2\/posts\/78341","targetHints":{"allow":["GET"]}}],"collection":[{"href":"https:\/\/www.nationalturk.com\/tr\/wp-json\/wp\/v2\/posts"}],"about":[{"href":"https:\/\/www.nationalturk.com\/tr\/wp-json\/wp\/v2\/types\/post"}],"author":[{"embeddable":true,"href":"https:\/\/www.nationalturk.com\/tr\/wp-json\/wp\/v2\/users\/4"}],"replies":[{"embeddable":true,"href":"https:\/\/www.nationalturk.com\/tr\/wp-json\/wp\/v2\/comments?post=78341"}],"version-history":[{"count":0,"href":"https:\/\/www.nationalturk.com\/tr\/wp-json\/wp\/v2\/posts\/78341\/revisions"}],"wp:featuredmedia":[{"embeddable":true,"href":"https:\/\/www.nationalturk.com\/tr\/wp-json\/wp\/v2\/media\/188309"}],"wp:attachment":[{"href":"https:\/\/www.nationalturk.com\/tr\/wp-json\/wp\/v2\/media?parent=78341"}],"wp:term":[{"taxonomy":"category","embeddable":true,"href":"https:\/\/www.nationalturk.com\/tr\/wp-json\/wp\/v2\/categories?post=78341"},{"taxonomy":"post_tag","embeddable":true,"href":"https:\/\/www.nationalturk.com\/tr\/wp-json\/wp\/v2\/tags?post=78341"}],"curies":[{"name":"wp","href":"https:\/\/api.w.org\/{rel}","templated":true}]}}