{"id":78634,"date":"2011-08-10T11:46:15","date_gmt":"2011-08-10T08:46:15","guid":{"rendered":"http:\/\/www.nationalturk.com\/?p=78634"},"modified":"2022-09-11T13:12:52","modified_gmt":"2022-09-11T10:12:52","slug":"pakistanda-operasyon-21-olu-78634","status":"publish","type":"post","link":"https:\/\/www.nationalturk.com\/tr\/pakistanda-operasyon-21-olu-78634\/","title":{"rendered":"Pakistan&#8217;da operasyon: 21 \u00f6l\u00fc"},"content":{"rendered":"<h1><img loading=\"lazy\" decoding=\"async\" class=\"alignleft size-medium wp-image-78635\" title=\"\" src=\"http:\/\/www.nationalturk.com\/tr\/wp-content\/uploads\/2011\/08\/talibann-280x175.jpg\" alt=\"\" width=\"280\" height=\"175\" srcset=\"https:\/\/www.nationalturk.com\/tr\/wp-content\/uploads\/2011\/08\/talibann-280x175.jpg 280w, https:\/\/www.nationalturk.com\/tr\/wp-content\/uploads\/2011\/08\/talibann.jpg 460w\" sizes=\"auto, (max-width: 280px) 100vw, 280px\" \/>Pakistan&#8217;da operasyon: 21 \u00f6l\u00fc!\u00a0Pakistan&#8217;\u0131n Kuzey Veziristan eyaletinde insans\u0131z ABD u\u00e7a\u011f\u0131n\u0131n d\u00fczenledi\u011fi sald\u0131r\u0131da 21 militan\u0131n \u00f6ld\u00fc\u011f\u00fc a\u00e7\u0131kland\u0131.<\/h1>\n<p>Miran\u015fah kasabas\u0131n\u0131n 3 kilometre do\u011fusunda hedef al\u0131nan evde Afganistan&#8217;da faaliyet g\u00f6steren Hakkani \u00f6rg\u00fct\u00fc \u00fcyelerinin bulundu\u011fu \u00f6ne s\u00fcr\u00fcld\u00fc.<\/p>\n<p>ABD&#8217;nin ge\u00e7ti\u011fimiz ay b\u00f6lgede d\u00fczenledi\u011fi benzer bir sald\u0131r\u0131da da 48 militan \u00f6lm\u00fc\u015ft\u00fc. Haziran ay\u0131ndan bu yana insans\u0131z u\u00e7aklardan at\u0131lan bombalar Pakistan&#8217;da en az 160 ki\u015finin \u00f6l\u00fcm\u00fcne sebep oldu. Pakistan h\u00fck\u00fcmeti, El Kaide lideri Usame bin Ladin&#8217;in \u00f6ld\u00fcr\u00fcld\u00fc\u011f\u00fc operasyonun ard\u0131ndan s\u00f6z konusu hava sald\u0131r\u0131lar\u0131na daha fazla tepki g\u00f6steriyor. ABD ise Pakistan&#8217;\u0131n t\u00fcm itirazlar\u0131na ra\u011fmen sald\u0131r\u0131lardan vazge\u00e7miyor.<\/p>\n<!-- Error, Advert is not available at this time due to schedule\/geolocation restrictions! -->\n<!-- Error, Advert is not available at this time due to schedule\/geolocation restrictions! -->\n","protected":false},"excerpt":{"rendered":"<p>Pakistan&#8217;da operasyon: 21 \u00f6l\u00fc! Pakistan&#8217;\u0131n Kuzey Veziristan eyaletinde insans\u0131z ABD u\u00e7a\u011f\u0131n\u0131n d\u00fczenledi\u011fi sald\u0131r\u0131da 21 militan\u0131n \u00f6ld\u00fc\u011f\u00fc a\u00e7\u0131kland\u0131.<\/p>\n","protected":false},"author":4,"featured_media":188261,"comment_status":"open","ping_status":"open","sticky":false,"template":"","format":"standard","meta":{"_acf_changed":false,"footnotes":""},"categories":[6769,6665,6772,349],"tags":[1887,77927,2547,7567,21305,51051],"class_list":["post-78634","post","type-post","status-publish","format-standard","has-post-thumbnail","hentry","category-asya","category-dunya","category-ortadogu","category-son-dakika","tag-abd","tag-hakkani-orgutu","tag-pakistan","tag-pakistan-saldiri","tag-taliban","tag-usame-bin-ladin"],"acf":[],"_links":{"self":[{"href":"https:\/\/www.nationalturk.com\/tr\/wp-json\/wp\/v2\/posts\/78634","targetHints":{"allow":["GET"]}}],"collection":[{"href":"https:\/\/www.nationalturk.com\/tr\/wp-json\/wp\/v2\/posts"}],"about":[{"href":"https:\/\/www.nationalturk.com\/tr\/wp-json\/wp\/v2\/types\/post"}],"author":[{"embeddable":true,"href":"https:\/\/www.nationalturk.com\/tr\/wp-json\/wp\/v2\/users\/4"}],"replies":[{"embeddable":true,"href":"https:\/\/www.nationalturk.com\/tr\/wp-json\/wp\/v2\/comments?post=78634"}],"version-history":[{"count":0,"href":"https:\/\/www.nationalturk.com\/tr\/wp-json\/wp\/v2\/posts\/78634\/revisions"}],"wp:featuredmedia":[{"embeddable":true,"href":"https:\/\/www.nationalturk.com\/tr\/wp-json\/wp\/v2\/media\/188261"}],"wp:attachment":[{"href":"https:\/\/www.nationalturk.com\/tr\/wp-json\/wp\/v2\/media?parent=78634"}],"wp:term":[{"taxonomy":"category","embeddable":true,"href":"https:\/\/www.nationalturk.com\/tr\/wp-json\/wp\/v2\/categories?post=78634"},{"taxonomy":"post_tag","embeddable":true,"href":"https:\/\/www.nationalturk.com\/tr\/wp-json\/wp\/v2\/tags?post=78634"}],"curies":[{"name":"wp","href":"https:\/\/api.w.org\/{rel}","templated":true}]}}