{"id":78875,"date":"2011-08-12T10:13:28","date_gmt":"2011-08-12T07:13:28","guid":{"rendered":"http:\/\/www.nationalturk.com\/?p=78875"},"modified":"2011-08-12T10:13:28","modified_gmt":"2011-08-12T07:13:28","slug":"kuba-yeni-filmi-vizyon-5193","status":"publish","type":"post","link":"https:\/\/www.nationalturk.com\/tr\/kuba-yeni-filmi-vizyon-5193\/","title":{"rendered":"K\u00fcba &#8216;n\u0131n yeni filmi Sumbe vizyona girdi"},"content":{"rendered":"<h2><a href=\"http:\/\/www.nationalturk.com\/tr\/wp-content\/uploads\/2011\/08\/sumbe-kuba-filmi-vizyon.jpg\"><img loading=\"lazy\" decoding=\"async\" class=\"alignleft size-full wp-image-78876\" title=\"K\u00fcba &#039;n\u0131n yeni filmi Sumbe vizyona girdi\" src=\"http:\/\/www.nationalturk.com\/tr\/wp-content\/uploads\/2011\/08\/sumbe-kuba-filmi-vizyon.jpg\" alt=\"\" width=\"240\" height=\"180\"><\/a><\/h2>\n<h2>K\u00fcba&#8217;n\u0131n Angola&#8217;n\u0131n ba\u011f\u0131ms\u0131zl\u0131\u011f\u0131 i\u00e7in verdi\u011fi m\u00fccadele s\u0131ras\u0131nda \u00f6\u011fretmenler, i\u015f\u00e7iler ve doktorlar taraf\u0131ndan verilen kavgay\u0131 anlatan Sumbe adl\u0131 yeni film Havana&#8217;daki Charlie Chaplin Sinemas\u0131nda seyircilerle bulu\u015ftu.<\/h2>\n<p>Ba\u011f\u0131ms\u0131zl\u0131k m\u00fccadelesinin anlat\u0131ld\u0131\u011f\u0131 Sumbe filminin y\u00f6netmenli\u011fini Eduardo Moya yaparken, film ayn\u0131 zamanda 2008 y\u0131l\u0131ndaki Kangamba adl\u0131 Rogello Paris filmiyle ba\u015flayan \u00fc\u00e7lemenin ikinci filmi olma \u00f6zelli\u011fini ta\u015f\u0131yor.Serinin \u00fc\u00e7\u00fcnc\u00fc filmin ad\u0131n\u0131n ise Cuito Cuanavale olmas\u0131 bekleniyor.<\/p>\n<p>UNITA&#8217;l\u0131lar\u0131n uluslararas\u0131 kamuoyunun dikkatini \u00e7ekmek i\u00e7in nas\u0131l korkmadan insanlar\u0131 rehin almaya \u00e7al\u0131\u015ft\u0131klar\u0131 anlatan filmin tamam\u0131 K\u00fcba &#8216;da \u00e7ekildi.<\/p>\n<p>Sumbe filminde ilgili a\u00e7\u0131klamalarda bulunan y\u00f6netmen Eduardo Moya, filmin senaryosunun ger\u00e7e\u011fe dayand\u0131\u011f\u0131n\u0131, 1984 y\u0131l\u0131 Mart ay\u0131nda 175 kad\u0131n ve erke\u011fin UNITA kuvvetlerine kar\u015f\u0131 k\u0131yas\u0131ya \u00e7arp\u0131\u015farak 30 saat s\u00fcreyle dayanmalar\u0131n\u0131n anlat\u0131ld\u0131\u011f\u0131n\u0131 a\u00e7\u0131klad\u0131.<\/p>\n<p>Eduardo Moya \u015f\u00f6yle devam etti:&#8221;Bu film sadece karde\u015f bir halk\u0131n ba\u011f\u0131ms\u0131zl\u0131\u011f\u0131 ve \u00f6zg\u00fcrl\u00fc\u011f\u00fc i\u00e7in hayatlar\u0131n\u0131 ortaya koyan sava\u015f\u00e7\u0131lar\u0131n an\u0131s\u0131nad\u0131r. Film ayn\u0131 zamanda \u00fclkemizdeki gelecek nesillere de dayan\u0131\u015fmac\u0131 ruhunuzu yans\u0131tan bir ara\u00e7 olacak.&#8221;<\/p>\n<p>Jose Maria Vitier taraf\u0131ndan film m\u00fczikleri yap\u0131lan Sumbe filminde Roberto Perdomo, Fernando Hechavarria, Rene de la Cruz ve Jorge Martinez gibi bir \u00e7ok \u00f6nemli oyuncu yer al\u0131rken emekli Yarbay Juan A. Castillo Vazquez de filme dan\u0131\u015fmanl\u0131k yapt\u0131.<\/p>\n<!-- Error, Advert is not available at this time due to schedule\/geolocation restrictions! -->\n","protected":false},"excerpt":{"rendered":"<p>K\u00fcba &#8216;n\u0131n yeni filmi Sumbe vizyona girdi. UNITA&#8217;l\u0131lar\u0131n uluslararas\u0131 kamuoyunun dikkatini \u00e7ekmek i\u00e7in nas\u0131l korkmadan insanlar\u0131 rehin almaya \u00e7al\u0131\u015ft\u0131klar\u0131 anlatan filmin tamam\u0131 K\u00fcba &#8216;da \u00e7ekildi.<\/p>\n","protected":false},"author":3,"featured_media":78876,"comment_status":"open","ping_status":"open","sticky":false,"template":"","format":"standard","meta":{"_acf_changed":false,"footnotes":""},"categories":[6665,6221,6771,5005,5460,6670,6673],"tags":[14],"class_list":["post-78875","post","type-post","status-publish","format-standard","has-post-thumbnail","hentry","category-dunya","category-kultur","category-latin-amerika","category-manset","category-sakin-kacirmayin","category-sanat","category-tavsiyeler","tag-kuba"],"acf":[],"_links":{"self":[{"href":"https:\/\/www.nationalturk.com\/tr\/wp-json\/wp\/v2\/posts\/78875","targetHints":{"allow":["GET"]}}],"collection":[{"href":"https:\/\/www.nationalturk.com\/tr\/wp-json\/wp\/v2\/posts"}],"about":[{"href":"https:\/\/www.nationalturk.com\/tr\/wp-json\/wp\/v2\/types\/post"}],"author":[{"embeddable":true,"href":"https:\/\/www.nationalturk.com\/tr\/wp-json\/wp\/v2\/users\/3"}],"replies":[{"embeddable":true,"href":"https:\/\/www.nationalturk.com\/tr\/wp-json\/wp\/v2\/comments?post=78875"}],"version-history":[{"count":0,"href":"https:\/\/www.nationalturk.com\/tr\/wp-json\/wp\/v2\/posts\/78875\/revisions"}],"wp:featuredmedia":[{"embeddable":true,"href":"https:\/\/www.nationalturk.com\/tr\/wp-json\/wp\/v2\/media\/78876"}],"wp:attachment":[{"href":"https:\/\/www.nationalturk.com\/tr\/wp-json\/wp\/v2\/media?parent=78875"}],"wp:term":[{"taxonomy":"category","embeddable":true,"href":"https:\/\/www.nationalturk.com\/tr\/wp-json\/wp\/v2\/categories?post=78875"},{"taxonomy":"post_tag","embeddable":true,"href":"https:\/\/www.nationalturk.com\/tr\/wp-json\/wp\/v2\/tags?post=78875"}],"curies":[{"name":"wp","href":"https:\/\/api.w.org\/{rel}","templated":true}]}}