{"id":79177,"date":"2011-08-15T16:19:26","date_gmt":"2011-08-15T13:19:26","guid":{"rendered":"http:\/\/www.nationalturk.com\/?p=79177"},"modified":"2011-08-15T16:19:26","modified_gmt":"2011-08-15T13:19:26","slug":"sumela-manastirindaki-ikinci-ayin-sona-erdi-79177","status":"publish","type":"post","link":"https:\/\/www.nationalturk.com\/tr\/sumela-manastirindaki-ikinci-ayin-sona-erdi-79177\/","title":{"rendered":"S\u00fcmela Manast\u0131r\u0131&#8217;ndaki ikinci ayin sona erdi"},"content":{"rendered":"<h1><img loading=\"lazy\" decoding=\"async\" class=\"alignleft size-medium wp-image-79178\" title=\"S\u00fcmela Manast\u0131r\u0131 Ayin\" src=\"http:\/\/www.nationalturk.com\/tr\/wp-content\/uploads\/2011\/08\/sumela_ayin_2011-280x183.jpg\" alt=\"\" width=\"280\" height=\"183\" srcset=\"https:\/\/www.nationalturk.com\/tr\/wp-content\/uploads\/2011\/08\/sumela_ayin_2011-280x183.jpg 280w, https:\/\/www.nationalturk.com\/tr\/wp-content\/uploads\/2011\/08\/sumela_ayin_2011.jpg 500w\" sizes=\"auto, (max-width: 280px) 100vw, 280px\" \/>Trabzon\u2019un Ma\u00e7ka il\u00e7esindeki tarihi S\u00fcmela Manast\u0131r\u0131&#8217;nda ikincisi d\u00fczenlenen ayin sona erdi. Fener Rum Patri\u011fi Bartholomeos konu\u015fmas\u0131nda bar\u0131\u015f ve karde\u015flik \u00e7a\u011fr\u0131s\u0131 yapt\u0131.<\/h1>\n<p>Hristiyan d\u00fcnyas\u0131nda &#8216;Meryem Ana&#8217;n\u0131n g\u00f6\u011fe y\u00fckseli\u015f g\u00fcn\u00fc&#8217; olarak kabul edilen ve kutsal say\u0131lan bu g\u00fcnde d\u00fczenlenen ayin i\u00e7in Yunanistan, Rusya ve G\u00fcrcistan&#8217;dan gelen vatanda\u015flar, ara\u00e7larla S\u00fcmela Manast\u0131r\u0131&#8217;na ta\u015f\u0131nd\u0131. \u0130lki 88 y\u0131l aradan sonra ge\u00e7en y\u0131l ger\u00e7ekle\u015ftirilen, bu y\u0131l da ikincisi yap\u0131lan ayini, Fener Rum Patri\u011fi Dimitri Bartholomeos y\u00f6netti. Ayine ba\u015fta Rusya, Yunanistan, G\u00fcrcistan ve ABD ile yurt i\u00e7inden gelen din adamlar\u0131 ile 2 bine yak\u0131n Ortodoks Hristiyan kat\u0131ld\u0131. T\u00fcrk yetkililerden K\u00fclt\u00fcr ve Turizm Bakanl\u0131\u011f\u0131 D\u0131\u015f \u0130li\u015fkiler Daire Ba\u015fkan\u0131 Onur G\u00f6zet ile Ma\u00e7ka Belediye Ba\u015fkan\u0131 Ertu\u011frul Gen\u00e7 de ayini takip etti.<\/p>\n<p>Alan\u0131n yeterli olmamas\u0131ndan dolay\u0131 manast\u0131r i\u00e7indeki ayine 500 ki\u015fi kat\u0131labildi. Manast\u0131ra al\u0131namayanlar ise ayini, manast\u0131r\u0131n alt k\u0131sm\u0131ndaki vadide bulunan \u00f6ren yerine kurulan ekrandan canl\u0131 izledi.<\/p>\n<p>Fener Rum Patri\u011fi Bartholomoes&#8217;un koordinesinde ger\u00e7ekle\u015fen ayin, yakla\u015f\u0131k iki saat s\u00fcrd\u00fc. Geceyi Ma\u00e7ka&#8217;da ge\u00e7iren Bartholomoes&#8217;un manast\u0131ra gelmesi ile birlikte ayin ba\u015flad\u0131. Ayin s\u0131ras\u0131nda \u00e7o\u011fu insan g\u00f6zya\u015f\u0131 d\u00f6kt\u00fc, mum yak\u0131p dua etti.<br \/>\nPatrik Bartholomoes, T\u00fcrk\u00e7e yapt\u0131\u011f\u0131 konu\u015fmas\u0131nda, t\u00fcm d\u00fcnya i\u00e7in bar\u0131\u015f ve karde\u015flik vurgusu yapt\u0131.<\/p>\n<p>Konu\u015fmas\u0131na \u201cSevgili M\u00fcsl\u00fcman karde\u015flerimiz\u201d s\u00f6zleri ile ba\u015flayan Bartholomoes, S\u00fcmela\u2019da ayine izin verildi\u011fi i\u00e7in h\u00fck\u00fcmete, Ba\u015fbakan Recep Tayyip Erdo\u011fan\u2019a ve K\u00fclt\u00fcr ve Turizm Bakanl\u0131\u011f\u0131&#8217;na te\u015fekk\u00fcr etti.<\/p>\n<p>Hz. Meryem\u2019in hem M\u00fcsl\u00fcmanlar hem Hristiyanlar i\u00e7in \u00e7ok \u00f6zel bir anlam arz etti\u011fine de\u011finen Bartholomoes, \u201cAli \u0130mran Suresi\u2019nde de belirtildi\u011fi \u00fczere, &#8216;Allah\u2019\u0131n se\u00e7ti\u011fi tertemiz ve b\u00fct\u00fcn kad\u0131nlar \u00fcst\u00fcn k\u0131ld\u0131\u011f\u0131d\u0131r.\u2019 M\u00fcstesna g\u00fczelli\u011fe sahip bu mek\u00e2nda sevgi ile bulu\u015fmam\u0131z bir ve tek olan Allah&#8217;a dua etmi\u015f olmam\u0131z eminim ki herkesi memnun etmi\u015ftir. S\u00fcmela Da\u011flar\u0131&#8217;n\u0131n eteklerinin dibinden Meryem Ana&#8217;n\u0131n ayaklar\u0131n\u0131n dibinden memleketimiz ve b\u00fct\u00fcn d\u00fcnyada daimi bar\u0131\u015f ve dayan\u0131\u015fman\u0131n tesissi i\u00e7in dua ettik.\u201d dedi.<\/p>\n<p>Bartholomoes, \u201c\u00d6zellikle bug\u00fcnlerde \u00f6zledi\u011fimiz bar\u0131\u015f \u00e7ok elzemdir. Norve\u00e7&#8217;teki trajik olaylar\u0131n y\u00fck\u00fcn\u00fc \u00fczerimizden atamad\u0131k. Kom\u015fu \u00fclkelerde kan akmaya devam ediyor. \u00dclkemizde analar a\u011fl\u0131yor. Birka\u00e7 g\u00fcn sonra Londra&#8217;daki olaylarla ilgili ac\u0131lar tekrar tazelenecek. Y\u00fcksek S\u00fcmela da\u011f\u0131ndan, kad\u0131nlar\u0131n en hay\u0131rl\u0131s\u0131 olan Meryem anan\u0131n ayaklar\u0131n\u0131n \u00f6n\u00fcnden, Karadeniz&#8217;den, T\u00fcrkiye&#8217;den burada toplanm\u0131\u015f olan t\u00fcm Hristiyan ve M\u00fcsl\u00fcmanlar i\u00e7in t\u00fcm d\u00fcnyaya kendimiz, gelecek nesillerimiz, insanl\u0131k ve gelece\u011fimiz i\u00e7in bir \u00e7a\u011fr\u0131da bulunal\u0131m. Bu \u00e7a\u011fr\u0131 tek bir kelime olabilir; bar\u0131\u015f, bar\u0131\u015f, bar\u0131\u015f. Kar\u015f\u0131l\u0131kl\u0131 sevgi ve sayg\u0131 tek duam\u0131z, tek d\u00fc\u015f\u00fcncemiz olmal\u0131. Bunlar tek amac\u0131m\u0131z ve m\u00fc\u015fterek gayret ile \u00e7abam\u0131z olmal\u0131.\u201d diye konu\u015ftu.<br \/>\nPatrik Bartholomoes, s\u00f6zlerini \u015f\u00f6yle noktalad\u0131: \u201cAllah&#8217;\u0131n inayet ve bereketi t\u00fcm Karadenizlilerin \u00fczerine olsun. Hay\u0131rl\u0131 Ramazanlar ve iyi bayramlar. Allah orucunuzu y\u00fcksek kat\u0131nda kabul etsin.&#8221;<\/p>\n<p>\u00d6te yandan ayine kat\u0131lan Ortodoks vatanda\u015flar, S\u00fcmela&#8217;da ayine kat\u0131lm\u0131\u015f olmaktan duyduklar\u0131 memnuniyeti dile getirip, ayin i\u00e7in izin veren T\u00fcrk yetkililere te\u015fekk\u00fcr ederek, bu t\u00fcr kar\u015f\u0131l\u0131kl\u0131 diyaloglar\u0131n M\u00fcsl\u00fcman ve Hristiyanlar aras\u0131ndaki ba\u011f\u0131 g\u00fc\u00e7lendirece\u011fine inand\u0131klar\u0131n\u0131 dile getirdi.<br \/>\nAyin t\u00f6reninin ard\u0131ndan kat\u0131l\u0131mc\u0131lara dilimlenmi\u015f kuru ekmek ikram edildi.<\/p>\n<!-- Error, Advert is not available at this time due to schedule\/geolocation restrictions! -->\n<!-- Error, Advert is not available at this time due to schedule\/geolocation restrictions! -->\n","protected":false},"excerpt":{"rendered":"<p>Trabzon\u2019un Ma\u00e7ka il\u00e7esindeki tarihi S\u00fcmela Manast\u0131r\u0131&#8217;nda ikincisi d\u00fczenlenen ayin sona erdi. Fener Rum Patri\u011fi Bartholomeos konu\u015fmas\u0131nda bar\u0131\u015f ve karde\u015flik \u00e7a\u011fr\u0131s\u0131 yapt\u0131. <\/p>\n","protected":false},"author":4,"featured_media":188175,"comment_status":"open","ping_status":"open","sticky":false,"template":"","format":"standard","meta":{"_acf_changed":false,"footnotes":""},"categories":[6155,5005,6202,6805],"tags":[12391,11909,78339,78340,4304,4305,78030,3037],"class_list":["post-79177","post","type-post","status-publish","format-standard","has-post-thumbnail","hentry","category-gundem","category-manset","category-politika","category-turkiye","tag-bartholomeos","tag-fener-rum-patrikhanesi","tag-sumela-ayin","tag-sumela-da-ayin","tag-sumela-manastiri","tag-sumela-manastiri-ayin","tag-sumela-manastiri-ikinci-ayin","tag-trabzon"],"acf":[],"_links":{"self":[{"href":"https:\/\/www.nationalturk.com\/tr\/wp-json\/wp\/v2\/posts\/79177","targetHints":{"allow":["GET"]}}],"collection":[{"href":"https:\/\/www.nationalturk.com\/tr\/wp-json\/wp\/v2\/posts"}],"about":[{"href":"https:\/\/www.nationalturk.com\/tr\/wp-json\/wp\/v2\/types\/post"}],"author":[{"embeddable":true,"href":"https:\/\/www.nationalturk.com\/tr\/wp-json\/wp\/v2\/users\/4"}],"replies":[{"embeddable":true,"href":"https:\/\/www.nationalturk.com\/tr\/wp-json\/wp\/v2\/comments?post=79177"}],"version-history":[{"count":0,"href":"https:\/\/www.nationalturk.com\/tr\/wp-json\/wp\/v2\/posts\/79177\/revisions"}],"wp:featuredmedia":[{"embeddable":true,"href":"https:\/\/www.nationalturk.com\/tr\/wp-json\/wp\/v2\/media\/188175"}],"wp:attachment":[{"href":"https:\/\/www.nationalturk.com\/tr\/wp-json\/wp\/v2\/media?parent=79177"}],"wp:term":[{"taxonomy":"category","embeddable":true,"href":"https:\/\/www.nationalturk.com\/tr\/wp-json\/wp\/v2\/categories?post=79177"},{"taxonomy":"post_tag","embeddable":true,"href":"https:\/\/www.nationalturk.com\/tr\/wp-json\/wp\/v2\/tags?post=79177"}],"curies":[{"name":"wp","href":"https:\/\/api.w.org\/{rel}","templated":true}]}}