{"id":79194,"date":"2011-08-15T17:45:13","date_gmt":"2011-08-15T14:45:13","guid":{"rendered":"http:\/\/www.nationalturk.com\/?p=79194"},"modified":"2011-08-15T17:45:13","modified_gmt":"2011-08-15T14:45:13","slug":"sike-son-dakika-haberleri-fahri-tatan-ifade-verdi-79194","status":"publish","type":"post","link":"https:\/\/www.nationalturk.com\/tr\/sike-son-dakika-haberleri-fahri-tatan-ifade-verdi-79194\/","title":{"rendered":"\u015eike son dakika haberleri \/ Fahri Tatan ifade verdi"},"content":{"rendered":"<h1><img loading=\"lazy\" decoding=\"async\" class=\"alignleft size-medium wp-image-79195\" title=\"Fahri Tatan\" src=\"http:\/\/www.nationalturk.com\/tr\/wp-content\/uploads\/2011\/08\/fahri_tatan-280x210.jpg\" alt=\"\" width=\"280\" height=\"210\" srcset=\"https:\/\/www.nationalturk.com\/tr\/wp-content\/uploads\/2011\/08\/fahri_tatan-280x210.jpg 280w, https:\/\/www.nationalturk.com\/tr\/wp-content\/uploads\/2011\/08\/fahri_tatan.jpg 500w\" sizes=\"auto, (max-width: 280px) 100vw, 280px\" \/>\u015eike son dakika haberleri \/ \u015eike soru\u015fturmas\u0131 kapsam\u0131nda futbolcu Fahri Tatan, Be\u015fikta\u015f&#8217;taki \u0130stanbul Adliyesi&#8217;ne giderek savc\u0131 Mehmet Berk&#8217;e ifade verdi. \u00a0\/ \u015eike son dakika&#8230;<\/h1>\n<p>\u00d6\u011fle saatlerinde Be\u015fikta\u015f\u2019taki \u0130stanbul Adliyesi\u2019ne giden Fahri Tatan, hakim ve savc\u0131lar\u0131n kulland\u0131\u011f\u0131 protokol kap\u0131s\u0131ndan adliyeye girdi. Yakla\u015f\u0131k 1 saat savc\u0131 Mehmet Berk&#8217;e ifade veren Fahri Tatan&#8217;\u0131n \u2018tan\u0131k\u2019 s\u0131fat\u0131yla ifade verdi\u011fi \u00f6\u011frenildi. Fahri Tatan\u2019\u0131n soru\u015fturma kapsam\u0131nda tutuklanan \u0130brahim Ak\u0131n ile yapt\u0131\u011f\u0131 telefon konu\u015fmalar\u0131 dinlemeye tak\u0131lm\u0131\u015ft\u0131. Tatan&#8217;a \u0130brahim Ak\u0131n\u2019\u0131n \u015fike yap\u0131p yapmad\u0131\u011f\u0131na dair bilgisinin olup olmad\u0131\u011f\u0131n\u0131n soruldu\u011fu \u00f6\u011frenildi.<\/p>\n<!-- Error, Advert is not available at this time due to schedule\/geolocation restrictions! -->\n","protected":false},"excerpt":{"rendered":"<p>\u015eike son dakika haberleri \/ \u015eike soru\u015fturmas\u0131 kapsam\u0131nda futbolcu Fahri Tatan, Be\u015fikta\u015f&#8217;taki \u0130stanbul Adliyesi&#8217;ne giderek savc\u0131 Mehmet Berk&#8217;e ifade verdi.  \/ \u015eike son dakika&#8230;<\/p>\n","protected":false},"author":4,"featured_media":188171,"comment_status":"open","ping_status":"open","sticky":false,"template":"","format":"standard","meta":{"_acf_changed":false,"footnotes":""},"categories":[6774,349,6194],"tags":[41491,74522,19436],"class_list":["post-79194","post","type-post","status-publish","format-standard","has-post-thumbnail","hentry","category-futbol","category-son-dakika","category-spor","tag-fahri-tatan","tag-sike-son-dakika","tag-sike-sorusturmasi"],"acf":[],"_links":{"self":[{"href":"https:\/\/www.nationalturk.com\/tr\/wp-json\/wp\/v2\/posts\/79194","targetHints":{"allow":["GET"]}}],"collection":[{"href":"https:\/\/www.nationalturk.com\/tr\/wp-json\/wp\/v2\/posts"}],"about":[{"href":"https:\/\/www.nationalturk.com\/tr\/wp-json\/wp\/v2\/types\/post"}],"author":[{"embeddable":true,"href":"https:\/\/www.nationalturk.com\/tr\/wp-json\/wp\/v2\/users\/4"}],"replies":[{"embeddable":true,"href":"https:\/\/www.nationalturk.com\/tr\/wp-json\/wp\/v2\/comments?post=79194"}],"version-history":[{"count":0,"href":"https:\/\/www.nationalturk.com\/tr\/wp-json\/wp\/v2\/posts\/79194\/revisions"}],"wp:featuredmedia":[{"embeddable":true,"href":"https:\/\/www.nationalturk.com\/tr\/wp-json\/wp\/v2\/media\/188171"}],"wp:attachment":[{"href":"https:\/\/www.nationalturk.com\/tr\/wp-json\/wp\/v2\/media?parent=79194"}],"wp:term":[{"taxonomy":"category","embeddable":true,"href":"https:\/\/www.nationalturk.com\/tr\/wp-json\/wp\/v2\/categories?post=79194"},{"taxonomy":"post_tag","embeddable":true,"href":"https:\/\/www.nationalturk.com\/tr\/wp-json\/wp\/v2\/tags?post=79194"}],"curies":[{"name":"wp","href":"https:\/\/api.w.org\/{rel}","templated":true}]}}