{"id":79247,"date":"2011-08-16T11:43:21","date_gmt":"2011-08-16T08:43:21","guid":{"rendered":"http:\/\/www.nationalturk.com\/?p=79247"},"modified":"2011-08-16T11:43:21","modified_gmt":"2011-08-16T08:43:21","slug":"lazkiyede-catismalar-suruyor-34-olu-suriye-haberleri-79247","status":"publish","type":"post","link":"https:\/\/www.nationalturk.com\/tr\/lazkiyede-catismalar-suruyor-34-olu-suriye-haberleri-79247\/","title":{"rendered":"Lazkiye&#8217;de \u00e7at\u0131\u015fmalar s\u00fcr\u00fcyor: 34 \u00f6l\u00fc \/ Suriye Haberleri"},"content":{"rendered":"<h1><img loading=\"lazy\" decoding=\"async\" class=\"alignleft size-medium wp-image-79248\" title=\"Lazkiye \" src=\"http:\/\/www.nationalturk.com\/tr\/wp-content\/uploads\/2011\/08\/lazkiye_catisma-280x168.jpg\" alt=\"\" width=\"280\" height=\"168\" srcset=\"https:\/\/www.nationalturk.com\/tr\/wp-content\/uploads\/2011\/08\/lazkiye_catisma-280x168.jpg 280w, https:\/\/www.nationalturk.com\/tr\/wp-content\/uploads\/2011\/08\/lazkiye_catisma.jpg 460w\" sizes=\"auto, (max-width: 280px) 100vw, 280px\" \/>Suriye ordusunun Akdeniz k\u0131y\u0131s\u0131ndaki liman kenti Lazkiye&#8217;ye d\u00fczenledi\u011fi operasyonlar s\u00fcr\u00fcyor. Lazkiye&#8217;de \u00f6l\u00fc say\u0131s\u0131 34&#8217;e y\u00fckseldi. \/ Suriye Haberleri&#8230;<\/h1>\n<p>Bu sabah El Raml el Filistin kamp\u0131n\u0131n ve El \u015eaab b\u00f6lgesinin a\u011f\u0131r makineli silahlar\u0131n ve bombalar\u0131n hedefi oldu\u011fu aktar\u0131ld\u0131. G\u00f6rg\u00fc tan\u0131klar\u0131 bu b\u00f6lgelere daha sonra tanklar\u0131n girdi\u011fini bildirildi.\u00a0Suriye Devrim Koordinasyon Birli\u011fi Lazkiye\u2019de d\u00fcnk\u00fc sald\u0131r\u0131larda 6 ki\u015finin \u00f6ld\u00fc\u011f\u00fcn\u00fc, toplamda \u00f6l\u00fc say\u0131s\u0131n\u0131n 34\u2019e ula\u015ft\u0131\u011f\u0131n\u0131 a\u00e7\u0131klad\u0131. \u00d6lenler aras\u0131nda 2 ya\u015f\u0131nda bir k\u0131z \u00e7ocu\u011funun da bulundu\u011fu belirtildi.<\/p>\n<p>Birlikten yap\u0131lan a\u00e7\u0131klana askerlerin ayr\u0131ca humus kentinin kuzeyindeki Houla Vadisi\u2019nde yer alan k\u00f6ylere de sald\u0131r\u0131lar d\u00fczenlediklerini a\u00e7\u0131klad\u0131. Evlere bask\u0131nlar d\u00fczenleyen ve tutuklamalar yapan askerlerin en az 8 ki\u015fiyi de \u00f6ld\u00fcrd\u00fc\u011f\u00fc kaydedildi. Birlik, Humus merkezindeki benzer sald\u0131r\u0131larda da 4 ki\u015finin daha \u00f6ld\u00fc\u011f\u00fcn\u00fc aktard\u0131.\u00a0Lazkiye sakinleri, tanklar\u0131n kentte baz\u0131 semtleri ku\u015fatt\u0131\u011f\u0131n\u0131 ve sald\u0131r\u0131 ba\u015flamadan \u00f6nce bu yerlerdeki elektrik, su ve telefon gibi hizmetlerin kesildi\u011fini belirtiyor. Halk\u0131n Lazkiye\u2019den ka\u00e7maya \u00e7al\u0131\u015ft\u0131\u011f\u0131 ancak kent ku\u015fat\u0131lm\u0131\u015f oldu\u011fu i\u00e7in bir yere gidemedi\u011fi bildiriliyor. Bu y\u00fczden de s\u00fcrekli olarak kent i\u00e7inde yer de\u011fi\u015ftirdikleri aktar\u0131l\u0131yor.<\/p>\n<p>Lazkiye\u2019deki Filistin m\u00fclteci kamp\u0131nda kalan binlerce Filistinlinin de ka\u00e7t\u0131\u011f\u0131 belirtiliyor.\u00a0Birle\u015fmi\u015f Milletler g\u00f6\u00e7men ajans\u0131 s\u00f6zc\u00fcs\u00fc Christopher Gunness, kamptan 5 bin ila 10 bin aras\u0131nda ki\u015finin ka\u00e7t\u0131\u011f\u0131n\u0131 ve bu ki\u015filerin \u015fu anda nerde olduklar\u0131n\u0131n bilinmedi\u011fini s\u00f6yledi.<\/p>\n<!-- Error, Advert is not available at this time due to schedule\/geolocation restrictions! -->\n<!-- Error, Advert is not available at this time due to schedule\/geolocation restrictions! -->\n","protected":false},"excerpt":{"rendered":"<p>Suriye ordusunun Akdeniz k\u0131y\u0131s\u0131ndaki liman kenti Lazkiye&#8217;ye d\u00fczenledi\u011fi operasyonlar s\u00fcr\u00fcyor. Lazkiye&#8217;de \u00f6l\u00fc say\u0131s\u0131 34&#8217;e y\u00fckseldi. \/ Suriye Haberleri&#8230;<\/p>\n","protected":false},"author":4,"featured_media":188162,"comment_status":"open","ping_status":"open","sticky":false,"template":"","format":"standard","meta":{"_acf_changed":false,"footnotes":""},"categories":[6769,6665,6155,5005,6772,6202,349],"tags":[31648,77022,78404,78408,806,67998,61672],"class_list":["post-79247","post","type-post","status-publish","format-standard","has-post-thumbnail","hentry","category-asya","category-dunya","category-gundem","category-manset","category-ortadogu","category-politika","category-son-dakika","tag-besar-esad","tag-lazkiye","tag-lazkiye-catisma","tag-lazkiye-saldiri","tag-suriye","tag-suriye-catisma","tag-suriye-devrim"],"acf":[],"_links":{"self":[{"href":"https:\/\/www.nationalturk.com\/tr\/wp-json\/wp\/v2\/posts\/79247","targetHints":{"allow":["GET"]}}],"collection":[{"href":"https:\/\/www.nationalturk.com\/tr\/wp-json\/wp\/v2\/posts"}],"about":[{"href":"https:\/\/www.nationalturk.com\/tr\/wp-json\/wp\/v2\/types\/post"}],"author":[{"embeddable":true,"href":"https:\/\/www.nationalturk.com\/tr\/wp-json\/wp\/v2\/users\/4"}],"replies":[{"embeddable":true,"href":"https:\/\/www.nationalturk.com\/tr\/wp-json\/wp\/v2\/comments?post=79247"}],"version-history":[{"count":0,"href":"https:\/\/www.nationalturk.com\/tr\/wp-json\/wp\/v2\/posts\/79247\/revisions"}],"wp:featuredmedia":[{"embeddable":true,"href":"https:\/\/www.nationalturk.com\/tr\/wp-json\/wp\/v2\/media\/188162"}],"wp:attachment":[{"href":"https:\/\/www.nationalturk.com\/tr\/wp-json\/wp\/v2\/media?parent=79247"}],"wp:term":[{"taxonomy":"category","embeddable":true,"href":"https:\/\/www.nationalturk.com\/tr\/wp-json\/wp\/v2\/categories?post=79247"},{"taxonomy":"post_tag","embeddable":true,"href":"https:\/\/www.nationalturk.com\/tr\/wp-json\/wp\/v2\/tags?post=79247"}],"curies":[{"name":"wp","href":"https:\/\/api.w.org\/{rel}","templated":true}]}}