{"id":79270,"date":"2011-08-16T14:22:18","date_gmt":"2011-08-16T11:22:18","guid":{"rendered":"http:\/\/www.nationalturk.com\/?p=79270"},"modified":"2011-08-16T14:22:18","modified_gmt":"2011-08-16T11:22:18","slug":"sirnak-beytussebapta-siddetli-catisma-79270","status":"publish","type":"post","link":"https:\/\/www.nationalturk.com\/tr\/sirnak-beytussebapta-siddetli-catisma-79270\/","title":{"rendered":"\u015e\u0131rnak Beyt\u00fc\u015f\u015febap&#8217;ta \u015fiddetli \u00e7at\u0131\u015fma"},"content":{"rendered":"<h1><img loading=\"lazy\" decoding=\"async\" class=\"alignleft size-medium wp-image-79271\" title=\"\" src=\"http:\/\/www.nationalturk.com\/tr\/wp-content\/uploads\/2011\/08\/catisma_arazi-280x187.jpg\" alt=\"\" width=\"280\" height=\"187\" srcset=\"https:\/\/www.nationalturk.com\/tr\/wp-content\/uploads\/2011\/08\/catisma_arazi-280x187.jpg 280w, https:\/\/www.nationalturk.com\/tr\/wp-content\/uploads\/2011\/08\/catisma_arazi.jpeg 450w\" sizes=\"auto, (max-width: 280px) 100vw, 280px\" \/>\u015e\u0131rnak&#8217;\u0131n Beyt\u00fc\u015f\u015febap il\u00e7esindeki K\u00fc\u00e7\u00fck Kato Da\u011f\u0131&#8217;nda PKK&#8217;l\u0131 ter\u00f6ristlerin 2 g\u00fcvenlik \u00fcs b\u00f6lgesine sald\u0131rmas\u0131yla ba\u015flayan \u00e7at\u0131\u015fmalar yer yer devam ediyor.<\/h1>\n<p>K\u00fc\u00e7\u00fck Kato Da\u011f\u0131 eteklerinde konu\u015flanan 2 askeri \u00fcs b\u00f6lgesine d\u00fcn ak\u015fam saat 20:00 s\u0131ralar\u0131nda kalabal\u0131k bir PKK&#8217;l\u0131 grup taraf\u0131ndan sald\u0131r\u0131 d\u00fczenlendi. Askerlerin kar\u015f\u0131l\u0131k vermesiyle \u00e7\u0131kan \u00e7at\u0131\u015fma yakla\u015f\u0131k 1.5 saat s\u00fcrd\u00fc. PKK&#8217;l\u0131lar\u0131n bulundu\u011fu b\u00f6lgeye, \u0130l\u00e7e Jandarma Komutanl\u0131\u011f\u0131 ile Komando Tabur Komutanl\u0131\u011f\u0131&#8217;ndan top at\u0131\u015f\u0131 yap\u0131ld\u0131.<\/p>\n<p>Baz\u0131 ter\u00f6ristlerin il\u00e7e merkezine s\u0131zarak ka\u00e7t\u0131\u011f\u0131 iddia edilirken BDP&#8217;li Beyt\u00fc\u015f\u015febap Belediye Ba\u015fkan\u0131 Yusuf Temel&#8217;in evine de 4 kur\u015fun isabet etti.\u00a0G\u00fcvenlik g\u00fc\u00e7leri, ka\u00e7an PKK&#8217;l\u0131lar\u0131n yakalanmas\u0131 amac\u0131yla b\u00f6lgede takip operasyonu ba\u015flatt\u0131.<\/p>\n<!-- Error, Advert is not available at this time due to schedule\/geolocation restrictions! -->\n<!-- Error, Advert is not available at this time due to schedule\/geolocation restrictions! -->\n","protected":false},"excerpt":{"rendered":"<p>\u015e\u0131rnak&#8217;\u0131n Beyt\u00fc\u015f\u015febap il\u00e7esindeki K\u00fc\u00e7\u00fck Kato Da\u011f\u0131&#8217;nda PKK&#8217;l\u0131 ter\u00f6ristlerin 2 g\u00fcvenlik \u00fcs b\u00f6lgesine sald\u0131rmas\u0131yla ba\u015flayan \u00e7at\u0131\u015fmalar yer yer devam ediyor.<\/p>\n","protected":false},"author":4,"featured_media":188158,"comment_status":"open","ping_status":"open","sticky":false,"template":"","format":"standard","meta":{"_acf_changed":false,"footnotes":""},"categories":[6155,5005,349,6805],"tags":[12662,78426,5592,11502,15904,31640,37293],"class_list":["post-79270","post","type-post","status-publish","format-standard","has-post-thumbnail","hentry","category-gundem","category-manset","category-son-dakika","category-turkiye","tag-beytussebap","tag-beytussebap-catisma","tag-pkk","tag-sirnak","tag-sirnak-beytussebap","tag-sirnak-catisma","tag-yusuf-temel"],"acf":[],"_links":{"self":[{"href":"https:\/\/www.nationalturk.com\/tr\/wp-json\/wp\/v2\/posts\/79270","targetHints":{"allow":["GET"]}}],"collection":[{"href":"https:\/\/www.nationalturk.com\/tr\/wp-json\/wp\/v2\/posts"}],"about":[{"href":"https:\/\/www.nationalturk.com\/tr\/wp-json\/wp\/v2\/types\/post"}],"author":[{"embeddable":true,"href":"https:\/\/www.nationalturk.com\/tr\/wp-json\/wp\/v2\/users\/4"}],"replies":[{"embeddable":true,"href":"https:\/\/www.nationalturk.com\/tr\/wp-json\/wp\/v2\/comments?post=79270"}],"version-history":[{"count":0,"href":"https:\/\/www.nationalturk.com\/tr\/wp-json\/wp\/v2\/posts\/79270\/revisions"}],"wp:featuredmedia":[{"embeddable":true,"href":"https:\/\/www.nationalturk.com\/tr\/wp-json\/wp\/v2\/media\/188158"}],"wp:attachment":[{"href":"https:\/\/www.nationalturk.com\/tr\/wp-json\/wp\/v2\/media?parent=79270"}],"wp:term":[{"taxonomy":"category","embeddable":true,"href":"https:\/\/www.nationalturk.com\/tr\/wp-json\/wp\/v2\/categories?post=79270"},{"taxonomy":"post_tag","embeddable":true,"href":"https:\/\/www.nationalturk.com\/tr\/wp-json\/wp\/v2\/tags?post=79270"}],"curies":[{"name":"wp","href":"https:\/\/api.w.org\/{rel}","templated":true}]}}