{"id":79354,"date":"2011-08-17T12:01:33","date_gmt":"2011-08-17T09:01:33","guid":{"rendered":"http:\/\/www.nationalturk.com\/?p=79354"},"modified":"2011-08-17T13:31:13","modified_gmt":"2011-08-17T10:31:13","slug":"engin-baytar-galatasarayda-galatasaray-transfer-haberleri-79354","status":"publish","type":"post","link":"https:\/\/www.nationalturk.com\/tr\/engin-baytar-galatasarayda-galatasaray-transfer-haberleri-79354\/","title":{"rendered":"Engin Baytar Galatasaray&#8217;da \/ Galatasaray Transfer Haberleri"},"content":{"rendered":"<h1><img loading=\"lazy\" decoding=\"async\" class=\"alignleft size-medium wp-image-79358\" title=\"Engin Baytar Galatasarayda\" src=\"http:\/\/www.nationalturk.com\/tr\/wp-content\/uploads\/2011\/08\/enginbaytar-280x208.jpg\" alt=\"\" width=\"280\" height=\"208\" srcset=\"https:\/\/www.nationalturk.com\/tr\/wp-content\/uploads\/2011\/08\/enginbaytar-280x208.jpg 280w, https:\/\/www.nationalturk.com\/tr\/wp-content\/uploads\/2011\/08\/enginbaytar.jpg 315w\" sizes=\"auto, (max-width: 280px) 100vw, 280px\" \/>Engin Baytar Galatasaray&#8217;da&#8230; Galatasaray transfer harekat\u0131n\u0131 s\u00fcrd\u00fcr\u00fcyor. Sar\u0131 k\u0131rm\u0131z\u0131l\u0131 y\u00f6netim son olarak Trabzonspor&#8217;un g\u00f6zden \u00e7\u0131kard\u0131\u011f\u0131 Engin Baytar ile anla\u015ft\u0131. \/ Galatasaray Transfer Haberleri&#8230;<\/h1>\n<p>Sel\u00e7uk \u0130nan ve Ceyhun G\u00fclselam&#8217;dan sonra bir ba\u015fka Trabzonsporlu Engin Baytar da Galatasaray&#8217;da. Fatih Terim&#8217;in \u0131srarla istedi\u011fi Engin Baytar i\u00e7in Trabzonspor Ba\u015fkan\u0131 Sadri \u015eener ile masaya oturan Galatasaray y\u00f6netimi istedi\u011fi sonucu b\u00fcy\u00fck oranda ald\u0131. Sadri \u015eener, pazarl\u0131\u011f\u0131 3 milyon eurodan ba\u015flat\u0131rken g\u00f6r\u00fc\u015fme sonunda 1.3 milyon euroya raz\u0131 oldu. Galatasaray&#8217;\u0131n transfer kar\u015f\u0131l\u0131\u011f\u0131nda Trabzonspor&#8217;a \u00c7a\u011flar Birinci&#8217;yi de verece\u011fi \u00f6\u011frenildi.<\/p>\n<p>Futbol kariyeri boyunca disiplinsiz ve h\u0131r\u00e7\u0131n tav\u0131rlar\u0131yla dikkat \u00e7eken Engin Baytar, son olarak Trabzonspor&#8217;un Benfica ile deplasmanda oynad\u0131\u011f\u0131 ma\u00e7ta \u015eenol G\u00fcne\u015f&#8217;in talimat\u0131na ra\u011fmen oyuna girmek istememi\u015f ve g\u00f6zden d\u00fc\u015fm\u00fc\u015ft\u00fc.<\/p>\n<p>Engin Baytar borsaya bildirildi<\/p>\n<p>Galatasaray, Engin Baytar transferini borsaya bildirdi. Kamuoyu Ayd\u0131nlatma Platformu&#8217;na (KAP) g\u00f6nderilen a\u00e7\u0131klamada &#8220;Profesyonel Futbolcu Engin Baytar ve kul\u00fcb\u00fc Trabzonspor Kul\u00fcb\u00fc ile futbolcunun Kul\u00fcb\u00fcm\u00fcze transferi i\u00e7in resmi g\u00f6r\u00fc\u015fmelere ba\u015flanm\u0131\u015f olup geli\u015fmelerden kamuoyu haberdar edilecektir&#8221; denildi.<\/p>\n<!-- Error, Advert is not available at this time due to schedule\/geolocation restrictions! -->\n","protected":false},"excerpt":{"rendered":"<p>Engin Baytar Galatasaray&#8217;da&#8230; Galatasaray transfer harekat\u0131n\u0131 s\u00fcrd\u00fcr\u00fcyor. Sar\u0131 k\u0131rm\u0131z\u0131l\u0131 y\u00f6netim son olarak Trabzonspor&#8217;un g\u00f6zden \u00e7\u0131kard\u0131\u011f\u0131 Engin Baytar ile anla\u015ft\u0131. \/ Galatasaray Transfer Haberleri&#8230;<\/p>\n","protected":false},"author":4,"featured_media":188144,"comment_status":"open","ping_status":"open","sticky":false,"template":"","format":"standard","meta":{"_acf_changed":false,"footnotes":""},"categories":[6774,6194],"tags":[6271,78512,78514,78513,4114,13004],"class_list":["post-79354","post","type-post","status-publish","format-standard","has-post-thumbnail","hentry","category-futbol","category-spor","tag-engin-baytar","tag-engin-baytar-galatasaray","tag-engin-baytar-galatasaray-da","tag-engin-baytar-galatasarayda","tag-galatasaray","tag-galatasaray-transfer"],"acf":[],"_links":{"self":[{"href":"https:\/\/www.nationalturk.com\/tr\/wp-json\/wp\/v2\/posts\/79354","targetHints":{"allow":["GET"]}}],"collection":[{"href":"https:\/\/www.nationalturk.com\/tr\/wp-json\/wp\/v2\/posts"}],"about":[{"href":"https:\/\/www.nationalturk.com\/tr\/wp-json\/wp\/v2\/types\/post"}],"author":[{"embeddable":true,"href":"https:\/\/www.nationalturk.com\/tr\/wp-json\/wp\/v2\/users\/4"}],"replies":[{"embeddable":true,"href":"https:\/\/www.nationalturk.com\/tr\/wp-json\/wp\/v2\/comments?post=79354"}],"version-history":[{"count":0,"href":"https:\/\/www.nationalturk.com\/tr\/wp-json\/wp\/v2\/posts\/79354\/revisions"}],"wp:featuredmedia":[{"embeddable":true,"href":"https:\/\/www.nationalturk.com\/tr\/wp-json\/wp\/v2\/media\/188144"}],"wp:attachment":[{"href":"https:\/\/www.nationalturk.com\/tr\/wp-json\/wp\/v2\/media?parent=79354"}],"wp:term":[{"taxonomy":"category","embeddable":true,"href":"https:\/\/www.nationalturk.com\/tr\/wp-json\/wp\/v2\/categories?post=79354"},{"taxonomy":"post_tag","embeddable":true,"href":"https:\/\/www.nationalturk.com\/tr\/wp-json\/wp\/v2\/tags?post=79354"}],"curies":[{"name":"wp","href":"https:\/\/api.w.org\/{rel}","templated":true}]}}