{"id":79418,"date":"2011-08-17T17:45:47","date_gmt":"2011-08-17T14:45:47","guid":{"rendered":"http:\/\/www.nationalturk.com\/?p=79418"},"modified":"2011-08-18T17:58:55","modified_gmt":"2011-08-18T14:58:55","slug":"hakkari-cukurca-saldirisi-sehitlerin-isimleri-belli-olmaya-basladi-79418","status":"publish","type":"post","link":"https:\/\/www.nationalturk.com\/tr\/hakkari-cukurca-saldirisi-sehitlerin-isimleri-belli-olmaya-basladi-79418\/","title":{"rendered":"Hakkari \u00c7ukurca sald\u0131r\u0131s\u0131 \/ \u015eehitlerin isimleri belli olmaya ba\u015flad\u0131"},"content":{"rendered":"<h1><img loading=\"lazy\" decoding=\"async\" class=\"alignleft size-large wp-image-79419\" title=\"Yavuz Ba\u015fer\" src=\"http:\/\/www.nationalturk.com\/tr\/wp-content\/uploads\/2011\/08\/yavuz_baser-294x400.jpg\" alt=\"\" width=\"294\" height=\"400\" srcset=\"https:\/\/www.nationalturk.com\/tr\/wp-content\/uploads\/2011\/08\/yavuz_baser-294x400.jpg 294w, https:\/\/www.nationalturk.com\/tr\/wp-content\/uploads\/2011\/08\/yavuz_baser-161x220.jpg 161w, https:\/\/www.nationalturk.com\/tr\/wp-content\/uploads\/2011\/08\/yavuz_baser.jpg 368w\" sizes=\"auto, (max-width: 294px) 100vw, 294px\" \/>Hakkari \u00c7ukurca \u015fehitleri t\u00fcm T\u00fcrkiye&#8217;yi yasa bo\u011fdu. 1&#8217;i korucu 12 \u015fehidin kimlikleri belli olmaya ba\u015flad\u0131. Hakkari \u00c7ukurca sald\u0131r\u0131s\u0131 \/ \u015eehitlerin kimlikleri&#8230;<\/h1>\n<p>May\u0131nl\u0131 sald\u0131r\u0131n\u0131n ard\u0131ndan d\u00fczenlenen silahl\u0131 sald\u0131r\u0131da \u015fehit olan askerlerden birinin binba\u015f\u0131 oldu\u011fu a\u00e7\u0131klanm\u0131\u015ft\u0131. \u015eehit Olan binba\u015f\u0131n\u0131n ad\u0131n\u0131n Ankara n\u00fcfusuna kay\u0131tl\u0131 Jandarma Binba\u015f\u0131 Yavuz Ba\u015fer (37) oldu\u011fu \u00f6\u011frenildi.\u00a0Binba\u015f\u0131 Yavuz Ba\u015fer&#8217;in Ankara Demetevler&#8217;deki anne ve babas\u0131na ac\u0131 haber subaylar taraf\u0131ndan verildi. Baba \u0130smail Ba\u015fer ile belden a\u015fa\u011f\u0131s\u0131 fel\u00e7li olan anne \u0130nayet Ba\u015fer uzun s\u00fcre g\u00f6zya\u015f\u0131 d\u00f6kt\u00fc. \u015eehit binba\u015f\u0131n\u0131n evinin bulundu\u011fu sokakta t\u00fcm binalara T\u00fcrk bayra\u011f\u0131 as\u0131ld\u0131.<\/p>\n<p>Hakkari \u00c7ukurca sald\u0131r\u0131s\u0131nda \u015fehit olanlardan kimlikleri belirlenen di\u011fer askerlerimizin isimleri \u015f\u00f6yle;<\/p>\n<p>Jandarma K\u0131demli Uzman \u00c7avu\u015f Turan Kurt (Manisa &#8211; Salihli)<\/p>\n<p>Uzman \u00c7avu\u015f Naz\u0131r Elitok (K\u0131r\u0131kkale)<\/p>\n<p>Uzman \u00c7avu\u015f Samet K\u0131l\u0131\u00e7 (Ordu)<\/p>\n<p>Uzman \u00c7avu\u015f Erhan Ar (Yozgat)<\/p>\n<p>Uzman \u00c7avu\u015f Hakan \u00c7il (Kahramanmara\u015f)<\/p>\n<p><strong>\u015eehit say\u0131s\u0131 11&#8217;e y\u00fckseldi:<\/strong><\/p>\n<p>Hakkari \u00c7ukurca karayolunda sabah saatlerinde 7 askerin \u015fehit oldu\u011fu yerde bir patlama daha meydana geldi. 1 korucu \u015fehit oldu. Yaral\u0131 askerlerden 3\u2032\u00fc daha \u015fehit oldu, \u015fehit say\u0131s\u0131 12\u2032ye y\u00fckseldi!<\/p>\n<p>Bu sabah saatlerinde, Hakkari-\u00c7ukurca karayolunun 15. kilometresinde bulunan Vali Erdo\u011fan G\u00fcrb\u00fcz \u00c7e\u015fmesi yak\u0131nlar\u0131nda \u00f6nceden yola d\u00f6\u015fendi\u011fi tahmin edilen may\u0131n\u0131n patlat\u0131lmas\u0131 sonucu 7 asker \u015fehit oldu, 11 asker de yaraland\u0131. Ayn\u0131 b\u00f6lgede meydana gelen bir ba\u015fka patlamada ise 1 korucu \u015fehit oldu, bir korucu yaraland\u0131.<\/p>\n<p>B\u00f6ylece Hakkari-\u00c7ukurca karayolunda meydana gelen may\u0131nl\u0131 sald\u0131r\u0131da \u015fehit d\u00fc\u015fen askerlerin say\u0131s\u0131 11\u2032e y\u00fckseldi. Sabah saatlerinde, Hakkari-\u00c7ukurca karayolunun 12. kilometresinde bulunan Vali Erdo\u011fan G\u00fcrb\u00fcz \u00c7e\u015fmesi yak\u0131nlar\u0131nda \u00f6nceden yola d\u00f6\u015fendi\u011fi tahmin edilen may\u0131n\u0131n patlat\u0131lmas\u0131 sonucu 7 asker \u015fehit oldu, 11 asker de yaraland\u0131. Yaral\u0131 askerlerden 3\u2019\u00fc t\u00fcm m\u00fcdahalelere ra\u011fmen kurtar\u0131lamayarak hayat\u0131n\u0131 kaybetti. B\u00f6ylece \u015fehit say\u0131s\u0131 12\u2019ye y\u00fckseldi. \u015eehit olan 1 korucuyla birlikte \u015fehitlerimizin say\u0131s\u0131 11\u2032e y\u00fckseldi.<\/p>\n<!-- Error, Advert is not available at this time due to schedule\/geolocation restrictions! -->\n<!-- Error, Advert is not available at this time due to schedule\/geolocation restrictions! -->\n","protected":false},"excerpt":{"rendered":"<p>Hakkari \u00c7ukurca \u015fehitleri t\u00fcm T\u00fcrkiye&#8217;yi yasa bo\u011fdu. 1&#8217;i korucu 11 \u015fehidin kimlikleri belli olmaya ba\u015flad\u0131. Hakkari \u00c7ukurca sald\u0131r\u0131s\u0131 \/ \u015eehitlerin kimlikleri&#8230;<\/p>\n","protected":false},"author":4,"featured_media":188134,"comment_status":"open","ping_status":"open","sticky":false,"template":"","format":"standard","meta":{"_acf_changed":false,"footnotes":""},"categories":[6155,5005,6805],"tags":[18007,78533,78553,78552,36417,78551,75493,78550],"class_list":["post-79418","post","type-post","status-publish","format-standard","has-post-thumbnail","hentry","category-gundem","category-manset","category-turkiye","tag-hakkari-cukurca","tag-hakkari-cukurca-catisma","tag-hakkari-cukurca-pusu","tag-hakkari-cukurca-sehitleri","tag-hakkari-cukurca-sehitlerin-isimleri","tag-sehit-isimleri","tag-sehitlerin-isimleri","tag-sehitlerin-kimlikleri"],"acf":[],"_links":{"self":[{"href":"https:\/\/www.nationalturk.com\/tr\/wp-json\/wp\/v2\/posts\/79418","targetHints":{"allow":["GET"]}}],"collection":[{"href":"https:\/\/www.nationalturk.com\/tr\/wp-json\/wp\/v2\/posts"}],"about":[{"href":"https:\/\/www.nationalturk.com\/tr\/wp-json\/wp\/v2\/types\/post"}],"author":[{"embeddable":true,"href":"https:\/\/www.nationalturk.com\/tr\/wp-json\/wp\/v2\/users\/4"}],"replies":[{"embeddable":true,"href":"https:\/\/www.nationalturk.com\/tr\/wp-json\/wp\/v2\/comments?post=79418"}],"version-history":[{"count":0,"href":"https:\/\/www.nationalturk.com\/tr\/wp-json\/wp\/v2\/posts\/79418\/revisions"}],"wp:featuredmedia":[{"embeddable":true,"href":"https:\/\/www.nationalturk.com\/tr\/wp-json\/wp\/v2\/media\/188134"}],"wp:attachment":[{"href":"https:\/\/www.nationalturk.com\/tr\/wp-json\/wp\/v2\/media?parent=79418"}],"wp:term":[{"taxonomy":"category","embeddable":true,"href":"https:\/\/www.nationalturk.com\/tr\/wp-json\/wp\/v2\/categories?post=79418"},{"taxonomy":"post_tag","embeddable":true,"href":"https:\/\/www.nationalturk.com\/tr\/wp-json\/wp\/v2\/tags?post=79418"}],"curies":[{"name":"wp","href":"https:\/\/api.w.org\/{rel}","templated":true}]}}