{"id":7980,"date":"2009-11-02T15:35:08","date_gmt":"2009-11-02T12:35:08","guid":{"rendered":"http:\/\/www.nationalturk.com\/?p=7980"},"modified":"2009-11-02T15:35:08","modified_gmt":"2009-11-02T12:35:08","slug":"domuz-gribine-bir-kurban-da-sanliurfadan","status":"publish","type":"post","link":"https:\/\/www.nationalturk.com\/tr\/domuz-gribine-bir-kurban-da-sanliurfadan\/","title":{"rendered":"Domuz gribine bir kurban da \u015eanl\u0131urfa&#8217;dan"},"content":{"rendered":"<p><strong><img loading=\"lazy\" decoding=\"async\" class=\"alignleft size-full wp-image-7981\" title=\"hastane_urfa\" src=\"http:\/\/www.nationalturk.com\/tr\/wp-content\/uploads\/2009\/11\/hastane_urfa.jpg\" alt=\"hastane_urfa\" width=\"250\" height=\"190\" \/>T\u00fcrkiye&#8217;yi etkisi alt\u0131na alan domuz gribi salg\u0131n\u0131nda \u00f6l\u00fcm haberleri gelmeye devam ediyor. <\/strong><\/p>\n<p>\u015eanl\u0131urfa&#8217;da\u00a0zat\u00fcrree te\u015fhisi ile ge\u00e7en \u00e7ar\u015famba g\u00fcn\u00fc hastaneye kald\u0131r\u0131lan ve ayn\u0131 g\u00fcn ya\u015fam\u0131n\u0131 yitiren 4 ya\u015f\u0131ndaki Elif F\u0131rathan\u2019\u0131n, domuz gribinden dolay\u0131 \u00f6ld\u00fc\u011f\u00fc belirlendi.<\/p>\n<p>B\u00f6ylece yurt genelinde domuz gribinden \u00f6lenlerin say\u0131s\u0131 7&#8217;ye y\u00fckseldi.<\/p>\n","protected":false},"excerpt":{"rendered":"<p>T\u00fcrkiye&#8217;yi etkisi alt\u0131na alan domuz gribi salg\u0131n\u0131nda \u00f6l\u00fcm haberleri gelmeye devam ediyor. <\/p>\n","protected":false},"author":4,"featured_media":7981,"comment_status":"open","ping_status":"open","sticky":false,"template":"","format":"standard","meta":{"_acf_changed":false,"footnotes":""},"categories":[6155,763,6669,349,6662],"tags":[961,8100,8102,8101,8104,1471,8103],"class_list":["post-7980","post","type-post","status-publish","format-standard","has-post-thumbnail","hentry","category-gundem","category-gunun-olayi","category-saglik","category-son-dakika","category-yasam","tag-domuz-gribi","tag-domuz-gribi-sanliurfa","tag-domuz-gribinden-kac-kisi-oldu","tag-domuz-gribinden-olenlerin-sayisi","tag-elif-firathan","tag-sanliurfa","tag-sanliurfa-domuz-gribi"],"acf":[],"_links":{"self":[{"href":"https:\/\/www.nationalturk.com\/tr\/wp-json\/wp\/v2\/posts\/7980","targetHints":{"allow":["GET"]}}],"collection":[{"href":"https:\/\/www.nationalturk.com\/tr\/wp-json\/wp\/v2\/posts"}],"about":[{"href":"https:\/\/www.nationalturk.com\/tr\/wp-json\/wp\/v2\/types\/post"}],"author":[{"embeddable":true,"href":"https:\/\/www.nationalturk.com\/tr\/wp-json\/wp\/v2\/users\/4"}],"replies":[{"embeddable":true,"href":"https:\/\/www.nationalturk.com\/tr\/wp-json\/wp\/v2\/comments?post=7980"}],"version-history":[{"count":0,"href":"https:\/\/www.nationalturk.com\/tr\/wp-json\/wp\/v2\/posts\/7980\/revisions"}],"wp:featuredmedia":[{"embeddable":true,"href":"https:\/\/www.nationalturk.com\/tr\/wp-json\/wp\/v2\/media\/7981"}],"wp:attachment":[{"href":"https:\/\/www.nationalturk.com\/tr\/wp-json\/wp\/v2\/media?parent=7980"}],"wp:term":[{"taxonomy":"category","embeddable":true,"href":"https:\/\/www.nationalturk.com\/tr\/wp-json\/wp\/v2\/categories?post=7980"},{"taxonomy":"post_tag","embeddable":true,"href":"https:\/\/www.nationalturk.com\/tr\/wp-json\/wp\/v2\/tags?post=7980"}],"curies":[{"name":"wp","href":"https:\/\/api.w.org\/{rel}","templated":true}]}}