{"id":79821,"date":"2011-08-22T14:44:45","date_gmt":"2011-08-22T11:44:45","guid":{"rendered":"http:\/\/www.nationalturk.com\/?p=79821"},"modified":"2011-08-22T14:44:45","modified_gmt":"2011-08-22T11:44:45","slug":"sike-son-dakika-haberleri-uefa-mufettisi-istanbulda-79821","status":"publish","type":"post","link":"https:\/\/www.nationalturk.com\/tr\/sike-son-dakika-haberleri-uefa-mufettisi-istanbulda-79821\/","title":{"rendered":"\u015eike son dakika haberleri \/ UEFA m\u00fcfetti\u015fi \u0130stanbul&#8217;da"},"content":{"rendered":"<h1><img loading=\"lazy\" decoding=\"async\" class=\"alignnone size-large wp-image-79822\" title=\"Pierre Cornu\" src=\"http:\/\/www.nationalturk.com\/tr\/wp-content\/uploads\/2011\/08\/pierre_cornu-610x343.jpg\" alt=\"\" width=\"610\" height=\"343\" srcset=\"https:\/\/www.nationalturk.com\/tr\/wp-content\/uploads\/2011\/08\/pierre_cornu-610x343.jpg 610w, https:\/\/www.nationalturk.com\/tr\/wp-content\/uploads\/2011\/08\/pierre_cornu-280x157.jpg 280w, https:\/\/www.nationalturk.com\/tr\/wp-content\/uploads\/2011\/08\/pierre_cornu.jpg 656w\" sizes=\"auto, (max-width: 610px) 100vw, 610px\" \/><\/h1>\n<h1>\u015eike son dakika haberleri&#8230; UEFA Ba\u015fm\u00fcfetti\u015fi Pierre Cornu T\u00fcrkiye&#8217;deki \u015fike soru\u015fturmas\u0131n\u0131 y\u00fcr\u00fcten Savc\u0131 Mehmet Berk ile g\u00f6r\u00fc\u015fmek i\u00e7in \u0130stanbul&#8217;a geldi.<\/h1>\n<p>\u015eike soru\u015fturmas\u0131 kapsam\u0131nda y\u00fcr\u00fct\u00fclen \u00e7al\u0131\u015fmalarla ilgili bilgi almak ve geli\u015fmeleri yak\u0131ndan takip etmek i\u00e7in \u0130stanbul&#8217;a gelen m\u00fcfetti\u015f Pierre Cornu&#8217;yu\u00a0Atat\u00fcrk Havalan\u0131&#8217;nda Futbol Federasyonu Ba\u015fkanvekili L\u00fctfi Ar\u0131bo\u011fan kar\u015f\u0131lad\u0131.<\/p>\n<p>UEFA Ba\u015fkan\u0131 Michael Platini\u2019nin talimat\u0131 ile \u0130stanbul\u2019a gelen Cornu, savc\u0131 Mehmet Berk\u2019ten \u015fike soru\u015fturmas\u0131 ile ilgili rapor alacak. Rapora g\u00f6re kul\u00fcplerin Avrupa Kupalar\u0131\u2019ndan ihra\u00e7 edilmesi de g\u00fcndeme gelebilecek.<\/p>\n<!-- Error, Advert is not available at this time due to schedule\/geolocation restrictions! -->\n","protected":false},"excerpt":{"rendered":"<p>\u015eike son dakika haberleri&#8230; UEFA Ba\u015fm\u00fcfetti\u015fi Pierre Cornu T\u00fcrkiye&#8217;deki \u015fike soru\u015fturmas\u0131n\u0131 y\u00fcr\u00fcten Savc\u0131 Mehmet Berk ile g\u00f6r\u00fc\u015fmek i\u00e7in \u0130stanbul&#8217;a geldi.<\/p>\n","protected":false},"author":4,"featured_media":188070,"comment_status":"open","ping_status":"open","sticky":false,"template":"","format":"standard","meta":{"_acf_changed":false,"footnotes":""},"categories":[6774,5005,349,6194],"tags":[78852,21483,74522,19436,74736,847,78850,78851,74818,74819],"class_list":["post-79821","post","type-post","status-publish","format-standard","has-post-thumbnail","hentry","category-futbol","category-manset","category-son-dakika","category-spor","tag-pierre-cornu","tag-sike","tag-sike-son-dakika","tag-sike-sorusturmasi","tag-sike-sorusturmasi-son-dakika","tag-uefa","tag-uefa-mufettisi","tag-uefa-mufettisi-istanbulda","tag-uefa-sike","tag-uefa-turkiye"],"acf":[],"_links":{"self":[{"href":"https:\/\/www.nationalturk.com\/tr\/wp-json\/wp\/v2\/posts\/79821","targetHints":{"allow":["GET"]}}],"collection":[{"href":"https:\/\/www.nationalturk.com\/tr\/wp-json\/wp\/v2\/posts"}],"about":[{"href":"https:\/\/www.nationalturk.com\/tr\/wp-json\/wp\/v2\/types\/post"}],"author":[{"embeddable":true,"href":"https:\/\/www.nationalturk.com\/tr\/wp-json\/wp\/v2\/users\/4"}],"replies":[{"embeddable":true,"href":"https:\/\/www.nationalturk.com\/tr\/wp-json\/wp\/v2\/comments?post=79821"}],"version-history":[{"count":0,"href":"https:\/\/www.nationalturk.com\/tr\/wp-json\/wp\/v2\/posts\/79821\/revisions"}],"wp:featuredmedia":[{"embeddable":true,"href":"https:\/\/www.nationalturk.com\/tr\/wp-json\/wp\/v2\/media\/188070"}],"wp:attachment":[{"href":"https:\/\/www.nationalturk.com\/tr\/wp-json\/wp\/v2\/media?parent=79821"}],"wp:term":[{"taxonomy":"category","embeddable":true,"href":"https:\/\/www.nationalturk.com\/tr\/wp-json\/wp\/v2\/categories?post=79821"},{"taxonomy":"post_tag","embeddable":true,"href":"https:\/\/www.nationalturk.com\/tr\/wp-json\/wp\/v2\/tags?post=79821"}],"curies":[{"name":"wp","href":"https:\/\/api.w.org\/{rel}","templated":true}]}}