{"id":79876,"date":"2011-08-22T18:39:08","date_gmt":"2011-08-22T15:39:08","guid":{"rendered":"http:\/\/www.nationalturk.com\/?p=79876"},"modified":"2011-08-22T18:48:12","modified_gmt":"2011-08-22T15:48:12","slug":"bayram-tatili-9-gun-79876","status":"publish","type":"post","link":"https:\/\/www.nationalturk.com\/tr\/bayram-tatili-9-gun-79876\/","title":{"rendered":"Tatilcilere m\u00fcjde! Bayram Tatili 9 g\u00fcn oldu"},"content":{"rendered":"<h1><img loading=\"lazy\" decoding=\"async\" class=\"alignleft size-medium wp-image-79878\" title=\"\" src=\"http:\/\/www.nationalturk.com\/tr\/wp-content\/uploads\/2011\/08\/nationalturk-flash-haber-yatay1-280x131.jpg\" alt=\"\" width=\"280\" height=\"131\" srcset=\"https:\/\/www.nationalturk.com\/tr\/wp-content\/uploads\/2011\/08\/nationalturk-flash-haber-yatay1-280x131.jpg 280w, https:\/\/www.nationalturk.com\/tr\/wp-content\/uploads\/2011\/08\/nationalturk-flash-haber-yatay1.jpg 468w\" sizes=\"auto, (max-width: 280px) 100vw, 280px\" \/>Turizm acentelerinin ve vatanda\u015flar\u0131n merakla bekledi\u011fi karar a\u00e7\u0131kland\u0131 ve bayram tatili 9 g\u00fcn oldu.<\/h1>\n<p>30 A\u011fustos Sal\u0131 g\u00fcn\u00fc ba\u015flayacak olan Ramazan Bayram\u0131 tatili 9 g\u00fcne \u00e7\u0131kart\u0131ld\u0131. H\u00fck\u00fcmet S\u00f6zc\u00fcs\u00fc B\u00fclent Ar\u0131n\u00e7, 29 A\u011fustos Pazartesi ve 2 Eyl\u00fcl Cuma g\u00fcn\u00fc t\u00fcm kamu \u00e7al\u0131\u015fanlar\u0131n\u0131n idari izinli say\u0131laca\u011f\u0131n\u0131 a\u00e7\u0131klad\u0131. Cumartesi ve Pazar g\u00fcnleri eklendi\u011finde bayram tatili 9 g\u00fcne \u00e7\u0131km\u0131\u015f oldu.<\/p>\n<!-- Error, Advert is not available at this time due to schedule\/geolocation restrictions! -->\n<!-- Error, Advert is not available at this time due to schedule\/geolocation restrictions! -->\n","protected":false},"excerpt":{"rendered":"<p>Turizm acentelerinin ve vatanda\u015flar\u0131n merakla bekledi\u011fi karar a\u00e7\u0131kland\u0131 ve bayram tatili 9 g\u00fcn oldu.<\/p>\n","protected":false},"author":4,"featured_media":188062,"comment_status":"open","ping_status":"open","sticky":false,"template":"","format":"standard","meta":{"_acf_changed":false,"footnotes":""},"categories":[6155,5005,6671,6805],"tags":[9122,78888,4438,78887],"class_list":["post-79876","post","type-post","status-publish","format-standard","has-post-thumbnail","hentry","category-gundem","category-manset","category-seyahat","category-turkiye","tag-bayram-tatili","tag-bayram-tatili-9-gun","tag-ramazan-bayrami","tag-ramazan-bayrami-tatili"],"acf":[],"_links":{"self":[{"href":"https:\/\/www.nationalturk.com\/tr\/wp-json\/wp\/v2\/posts\/79876","targetHints":{"allow":["GET"]}}],"collection":[{"href":"https:\/\/www.nationalturk.com\/tr\/wp-json\/wp\/v2\/posts"}],"about":[{"href":"https:\/\/www.nationalturk.com\/tr\/wp-json\/wp\/v2\/types\/post"}],"author":[{"embeddable":true,"href":"https:\/\/www.nationalturk.com\/tr\/wp-json\/wp\/v2\/users\/4"}],"replies":[{"embeddable":true,"href":"https:\/\/www.nationalturk.com\/tr\/wp-json\/wp\/v2\/comments?post=79876"}],"version-history":[{"count":0,"href":"https:\/\/www.nationalturk.com\/tr\/wp-json\/wp\/v2\/posts\/79876\/revisions"}],"wp:featuredmedia":[{"embeddable":true,"href":"https:\/\/www.nationalturk.com\/tr\/wp-json\/wp\/v2\/media\/188062"}],"wp:attachment":[{"href":"https:\/\/www.nationalturk.com\/tr\/wp-json\/wp\/v2\/media?parent=79876"}],"wp:term":[{"taxonomy":"category","embeddable":true,"href":"https:\/\/www.nationalturk.com\/tr\/wp-json\/wp\/v2\/categories?post=79876"},{"taxonomy":"post_tag","embeddable":true,"href":"https:\/\/www.nationalturk.com\/tr\/wp-json\/wp\/v2\/tags?post=79876"}],"curies":[{"name":"wp","href":"https:\/\/api.w.org\/{rel}","templated":true}]}}