{"id":79907,"date":"2011-08-23T12:15:13","date_gmt":"2011-08-23T09:15:13","guid":{"rendered":"http:\/\/www.nationalturk.com\/?p=79907"},"modified":"2019-04-26T13:54:24","modified_gmt":"2019-04-26T10:54:24","slug":"hilal-cebeciyi-bu-kez-cok-kizdirdilar-1496","status":"publish","type":"post","link":"https:\/\/www.nationalturk.com\/tr\/hilal-cebeciyi-bu-kez-cok-kizdirdilar-1496\/","title":{"rendered":"Hilal Cebeci &#8216;yi bu kez \u00e7ok k\u0131zd\u0131rd\u0131lar"},"content":{"rendered":"<h1><a href=\"http:\/\/www.nationalturk.com\/tr\/wp-content\/uploads\/2011\/08\/hilal-cebeci-twitter-kasar.jpg\"><img loading=\"lazy\" decoding=\"async\" class=\"alignleft size-medium wp-image-79916\" title=\"Hilal Cebeci &#039;yi bu kez \u00e7ok k\u0131zd\u0131rd\u0131lar\" src=\"http:\/\/www.nationalturk.com\/tr\/wp-content\/uploads\/2011\/08\/hilal-cebeci-twitter-kasar-280x209.jpg\" alt=\"\" width=\"280\" height=\"209\" srcset=\"https:\/\/www.nationalturk.com\/tr\/wp-content\/uploads\/2011\/08\/hilal-cebeci-twitter-kasar-280x209.jpg 280w, https:\/\/www.nationalturk.com\/tr\/wp-content\/uploads\/2011\/08\/hilal-cebeci-twitter-kasar.jpg 470w\" sizes=\"auto, (max-width: 280px) 100vw, 280px\" \/><\/a><\/h1>\n<h1>Twitter fenomeni Hilal Cebeci &#8216;yi bu kez \u00e7ok k\u0131zd\u0131rd\u0131lar.<\/h1>\n<p>Hilal Cebeci, Twitter hesab\u0131ndan \u201cSomali&#8217;ye neden beni g\u00f6t\u00fcrmemi\u015fler\u201d diye yaz\u0131nca olanlar oldu. AKP Genel Merkez Gen\u00e7lik Kollar\u0131 Ba\u015fkan\u0131 \u0130smail Karaosmano\u011flu ise Hilal Cebeci &#8216;nin bu s\u00f6lerine kar\u015f\u0131l\u0131k \u201cSomali\u2019dekilerin ekme\u011fe ihtiyac\u0131 var ka\u015fara de\u011fil. Bu y\u00fczden seni g\u00f6t\u00fcrmedik\u201d diye verilen cevab\u0131 takip\u00e7ileriyle payla\u015ft\u0131.<\/p>\n<p>Payla\u015ft\u0131\u011f\u0131 bu ilgin\u00e7 mesaj ile herkesi \u015fa\u015f\u0131rtan AKP Genel Merkez Gen\u00e7lik Kollar\u0131 Ba\u015fkan\u0131 &#8216;na Hilal Cebeci &#8216;den yan\u0131t gecikmedi. Hilal Cebeci, &#8220;T\u00fcrkiye&#8217;nin cesur y\u00fcre\u011fiyim biliyosunuz tatl\u0131lar\u0131m. O y\u00fczden bana bir partinin gen\u00e7lik kolu ba\u015fkan\u0131 a\u011f\u0131r bir laf etmi\u015f &#8216;ONU \u00c7OK FENA YAPARIM&#8221; dedi.<\/p>\n<p>Hilal Cebeci daha sonra Twitter &#8216;dan &#8220;Bu adam\u0131n reklam\u0131n\u0131 yapmamak i\u00e7in yaz\u0131y\u0131 kald\u0131rd\u0131m art\u0131k mahkemede g\u00f6r\u00fc\u015f\u00fcr\u00fcz kendisiyle. Tatl\u0131 uykular panpi\u015flerim, ne\u015femizi bozmayal\u0131m&#8221; \u015feklinde bir not yazd\u0131.<\/p>\n<!-- Error, Advert is not available at this time due to schedule\/geolocation restrictions! -->\n<!-- Error, Advert is not available at this time due to schedule\/geolocation restrictions! -->\n","protected":false},"excerpt":{"rendered":"<p>Twitter fenomeni Hilal Cebeci &#8216;yi bu kez \u00e7ok k\u0131zd\u0131rd\u0131lar.Hilal Cebeci, Twitter hesab\u0131ndan \u201cSomali&#8217;ye neden beni g\u00f6t\u00fcrmemi\u015fler\u201d diye yaz\u0131nca olanlar oldu.<\/p>\n","protected":false},"author":3,"featured_media":188055,"comment_status":"open","ping_status":"open","sticky":false,"template":"","format":"standard","meta":{"_acf_changed":false,"footnotes":""},"categories":[6664,6232,5005],"tags":[74808,8761],"class_list":["post-79907","post","type-post","status-publish","format-standard","has-post-thumbnail","hentry","category-eglence","category-magazin","category-manset","tag-hilal-cebeci","tag-somali"],"acf":[],"_links":{"self":[{"href":"https:\/\/www.nationalturk.com\/tr\/wp-json\/wp\/v2\/posts\/79907","targetHints":{"allow":["GET"]}}],"collection":[{"href":"https:\/\/www.nationalturk.com\/tr\/wp-json\/wp\/v2\/posts"}],"about":[{"href":"https:\/\/www.nationalturk.com\/tr\/wp-json\/wp\/v2\/types\/post"}],"author":[{"embeddable":true,"href":"https:\/\/www.nationalturk.com\/tr\/wp-json\/wp\/v2\/users\/3"}],"replies":[{"embeddable":true,"href":"https:\/\/www.nationalturk.com\/tr\/wp-json\/wp\/v2\/comments?post=79907"}],"version-history":[{"count":0,"href":"https:\/\/www.nationalturk.com\/tr\/wp-json\/wp\/v2\/posts\/79907\/revisions"}],"wp:featuredmedia":[{"embeddable":true,"href":"https:\/\/www.nationalturk.com\/tr\/wp-json\/wp\/v2\/media\/188055"}],"wp:attachment":[{"href":"https:\/\/www.nationalturk.com\/tr\/wp-json\/wp\/v2\/media?parent=79907"}],"wp:term":[{"taxonomy":"category","embeddable":true,"href":"https:\/\/www.nationalturk.com\/tr\/wp-json\/wp\/v2\/categories?post=79907"},{"taxonomy":"post_tag","embeddable":true,"href":"https:\/\/www.nationalturk.com\/tr\/wp-json\/wp\/v2\/tags?post=79907"}],"curies":[{"name":"wp","href":"https:\/\/api.w.org\/{rel}","templated":true}]}}