{"id":79939,"date":"2011-08-23T14:49:11","date_gmt":"2011-08-23T11:49:11","guid":{"rendered":"http:\/\/www.nationalturk.com\/?p=79939"},"modified":"2011-08-23T14:49:11","modified_gmt":"2011-08-23T11:49:11","slug":"istanbuldaki-hazirliklar-tamamlandi-besiktas-haberleri-79939","status":"publish","type":"post","link":"https:\/\/www.nationalturk.com\/tr\/istanbuldaki-hazirliklar-tamamlandi-besiktas-haberleri-79939\/","title":{"rendered":"\u0130stanbul&#8217;daki haz\u0131rl\u0131klar tamamland\u0131 \/ Be\u015fikta\u015f Haberleri"},"content":{"rendered":"<h1><img loading=\"lazy\" decoding=\"async\" class=\"alignleft size-medium wp-image-79940\" title=\"\" src=\"http:\/\/www.nationalturk.com\/tr\/wp-content\/uploads\/2011\/08\/besiktasantrenman-280x173.jpg\" alt=\"\" width=\"280\" height=\"173\" srcset=\"https:\/\/www.nationalturk.com\/tr\/wp-content\/uploads\/2011\/08\/besiktasantrenman-280x173.jpg 280w, https:\/\/www.nationalturk.com\/tr\/wp-content\/uploads\/2011\/08\/besiktasantrenman-610x377.jpg 610w, https:\/\/www.nationalturk.com\/tr\/wp-content\/uploads\/2011\/08\/besiktasantrenman.jpg 1600w\" sizes=\"auto, (max-width: 280px) 100vw, 280px\" \/>UEFA Avrupa Ligi Play off r\u00f6van\u015f ma\u00e7\u0131nda Per\u015fembe g\u00fcn\u00fc deplasmanda Alania ile kar\u015f\u0131la\u015facak olan Be\u015fikta\u015f, \u0130stanbul&#8217;daki haz\u0131rl\u0131klar\u0131n\u0131 tamamlad\u0131. \/ Be\u015fikta\u015f Haberleri&#8230;<\/h1>\n<p>Teknik Direkt\u00f6r\u00a0Carlos Carvalhal y\u00f6netiminde yakla\u015f\u0131k 1.5 saat \u00e7al\u0131\u015fan Be\u015fikta\u015f&#8217;ta futbolcular kondisyon ve taktik \u00e7al\u0131\u015fmas\u0131 yapt\u0131. Tak\u0131m halinde yap\u0131lan istasyon \u00e7al\u0131\u015fmas\u0131n\u0131n ard\u0131ndan iki gruba ayr\u0131lan futbolcular\u0131n bir k\u0131sm\u0131 taktik \u00e7al\u0131\u015f\u0131rken, di\u011fer grup ise \u00f6nce 5-2 \u00e7al\u0131\u015fmas\u0131 daha sonra da dar alan \u00e7al\u0131\u015fmas\u0131 yapt\u0131. Be\u015fikta\u015f&#8217;ta bug\u00fcn yap\u0131lan antrenmana sakatl\u0131klar\u0131 devam eden\u00a0Bebe, Ersan G\u00fcl\u00fcm, Necip Uysal, Simao Sabrosa ile U17 Milli Tak\u0131m\u0131&#8217;na giden Muhammed Demirci kat\u0131lmad\u0131.<\/p>\n<p>A\u011fr\u0131lar\u0131 devam eden kaptan \u0130brahim Toraman&#8217;\u0131n Alania ma\u00e7\u0131nda oynayabilece\u011fi a\u00e7\u0131klan\u0131rken siyah beyazl\u0131lar son antrenman\u0131n\u0131 yar\u0131n ak\u015fam ma\u00e7\u0131n oynanaca\u011f\u0131 statta yapacak.<\/p>\n<!-- Error, Advert is not available at this time due to schedule\/geolocation restrictions! -->\n<!-- Error, Advert is not available at this time due to schedule\/geolocation restrictions! -->\n","protected":false},"excerpt":{"rendered":"<p>UEFA Avrupa Ligi Play off r\u00f6van\u015f ma\u00e7\u0131nda Per\u015fembe g\u00fcn\u00fc deplasmanda Alania ile kar\u015f\u0131la\u015facak olan Be\u015fikta\u015f, \u0130stanbul&#8217;daki haz\u0131rl\u0131klar\u0131n\u0131 tamamlad\u0131. \/ Be\u015fikta\u015f Haberleri&#8230;<\/p>\n","protected":false},"author":4,"featured_media":188052,"comment_status":"open","ping_status":"open","sticky":false,"template":"","format":"standard","meta":{"_acf_changed":false,"footnotes":""},"categories":[6774,6194],"tags":[1748,77572,48642,11417],"class_list":["post-79939","post","type-post","status-publish","format-standard","has-post-thumbnail","hentry","category-futbol","category-spor","tag-besiktas","tag-besiktas-alania","tag-besiktas-sakat-futbolcular","tag-ibrahim-toraman"],"acf":[],"_links":{"self":[{"href":"https:\/\/www.nationalturk.com\/tr\/wp-json\/wp\/v2\/posts\/79939","targetHints":{"allow":["GET"]}}],"collection":[{"href":"https:\/\/www.nationalturk.com\/tr\/wp-json\/wp\/v2\/posts"}],"about":[{"href":"https:\/\/www.nationalturk.com\/tr\/wp-json\/wp\/v2\/types\/post"}],"author":[{"embeddable":true,"href":"https:\/\/www.nationalturk.com\/tr\/wp-json\/wp\/v2\/users\/4"}],"replies":[{"embeddable":true,"href":"https:\/\/www.nationalturk.com\/tr\/wp-json\/wp\/v2\/comments?post=79939"}],"version-history":[{"count":0,"href":"https:\/\/www.nationalturk.com\/tr\/wp-json\/wp\/v2\/posts\/79939\/revisions"}],"wp:featuredmedia":[{"embeddable":true,"href":"https:\/\/www.nationalturk.com\/tr\/wp-json\/wp\/v2\/media\/188052"}],"wp:attachment":[{"href":"https:\/\/www.nationalturk.com\/tr\/wp-json\/wp\/v2\/media?parent=79939"}],"wp:term":[{"taxonomy":"category","embeddable":true,"href":"https:\/\/www.nationalturk.com\/tr\/wp-json\/wp\/v2\/categories?post=79939"},{"taxonomy":"post_tag","embeddable":true,"href":"https:\/\/www.nationalturk.com\/tr\/wp-json\/wp\/v2\/tags?post=79939"}],"curies":[{"name":"wp","href":"https:\/\/api.w.org\/{rel}","templated":true}]}}