{"id":79944,"date":"2011-08-23T15:39:09","date_gmt":"2011-08-23T12:39:09","guid":{"rendered":"http:\/\/www.nationalturk.com\/?p=79944"},"modified":"2022-09-11T15:30:55","modified_gmt":"2022-09-11T12:30:55","slug":"japon-iphonelarda-deprem-uyarisi-79944","status":"publish","type":"post","link":"https:\/\/www.nationalturk.com\/tr\/japon-iphonelarda-deprem-uyarisi-79944\/","title":{"rendered":"Japon iPhone&#8217;lar\u0131na deprem uyar\u0131 sistemi"},"content":{"rendered":"<figure id=\"attachment_79949\" aria-describedby=\"caption-attachment-79949\" style=\"width: 610px\" class=\"wp-caption alignnone\"><img loading=\"lazy\" decoding=\"async\" class=\"size-full wp-image-79949\" title=\"japonya-deprem-iphone-nationalturk-7689\" src=\"http:\/\/www.nationalturk.com\/tr\/wp-content\/uploads\/2011\/08\/japonya-deprem-iphone-nationalturk-7689.jpeg\" alt=\"Japonya depremin \u00f6n\u00fcne iPhone ile ge\u00e7ecek\" width=\"610\" height=\"338\" \/><figcaption id=\"caption-attachment-79949\" class=\"wp-caption-text\">Japonya depremin \u00f6n\u00fcne iPhone ile ge\u00e7ecek<\/figcaption><\/figure>\n<h1>Japonya&#8217;daki iPhone kullan\u0131c\u0131lar\u0131, Apple&#8217;\u0131n iPhone i\u00e7in geli\u015ftirdi\u011fi yeni ku\u015fak iOS 5 i\u015fletim sisteminde telefonlar\u0131ndan deprem uyar\u0131lar\u0131 alacak.<\/h1>\n<p>9to5mac.com adl\u0131 teknoloji sitesinin bildirdi\u011fi haberde, deprem uyar\u0131s\u0131 ve alarm\u0131 \u00f6zelli\u011fi, Eyl\u00fcl ay\u0131nda kullan\u0131ma sunulmas\u0131 beklenen iPhone iOS 5 yaz\u0131l\u0131m\u0131nda telefonun bildirim merkezine yerle\u015ftirilecek. Bug\u00fcn yap\u0131lan a\u00e7\u0131klamaya g\u00f6re Japonya erken deprem uyar\u0131 sistemi, iOS 5&#8217;e entegre edildi. Art\u0131k Japon iPhone kullan\u0131c\u0131lar\u0131 deprem olmadan k\u0131sa s\u00fcre \u00f6nce ekranlar\u0131ndan \u00f6zel bir uyar\u0131yla kar\u015f\u0131la\u015facak.<\/p>\n<p>Japonya deprem uyar\u0131lar\u0131 genelde televizyon, radyo ve k\u0131sa mesaj yoluya yap\u0131l\u0131rken, binden fazla sismik al\u0131c\u0131dan gelen verileri toplayan, geli\u015fmi\u015f bir deprem erken uyar\u0131 sistemine sahip olan \u00fclkede sistem, ilgili b\u00f6lgedeki cep telefonu kullan\u0131c\u0131lar\u0131na deprem uyar\u0131s\u0131n\u0131 toplu k\u0131sa mesaj ile g\u00f6nderiyor.<\/p>\n<h2>Japonya depremin \u00f6n\u00fcne iPhone ile ge\u00e7ecek<\/h2>\n<p>Japonya&#8217;da 3G teknolojisi bulunan yeni nesil telefonlara, bu toplu mesajlar\u0131 alabilecek \u00f6zellikler konulmas\u0131 \u015fart ko\u015fuluyor. Ancak \u00fclke d\u0131\u015f\u0131nda yap\u0131lan \u00e7ok say\u0131da telefonda bu \u00f6zellik bulunmuyor. Apple&#8217;\u0131n bu yeni \u00f6zelli\u011fi, &#8216;Deprem erken uyar\u0131 sistemi. Pil \u00f6mr\u00fcn\u00fc azaltabilir&#8217; uyar\u0131s\u0131yla birlikte duyurulacak.<\/p>\n<p>Japonya&#8217;da ya\u015fanan deprem ve ard\u0131dan meydana gelen tsunami felaketinde 16 binden fazla ki\u015fi \u00f6lm\u00fc\u015ft\u00fc. Apple&#8217;\u0131n Y\u00f6netim Kurulu Ba\u015fkan\u0131 Steve Jobs ise depremin hemen akabinde, depremden etkilenen Japon \u00e7al\u0131\u015fanlar\u0131 ve ailelerine destek vermeyi s\u00f6z vermi\u015fti.<\/p>\n<p>&nbsp;<\/p>\n<!-- Error, Advert is not available at this time due to schedule\/geolocation restrictions! -->\n<!-- Error, Advert is not available at this time due to schedule\/geolocation restrictions! -->\n","protected":false},"excerpt":{"rendered":"<p>Japonya&#8217;daki iPhone kullan\u0131c\u0131lar\u0131, Apple&#8217;\u0131n iPhone i\u00e7in geli\u015ftirdi\u011fi yeni ku\u015fak iOS 5 i\u015fletim sisteminde telefonlar\u0131ndan deprem uyar\u0131lar\u0131 alacak<\/p>\n","protected":false},"author":683,"featured_media":79949,"comment_status":"open","ping_status":"open","sticky":false,"template":"","format":"standard","meta":{"_acf_changed":false,"footnotes":""},"categories":[6769,6665,6155,5005,6224,220816],"tags":[4464,75815,64572,863,4146],"class_list":["post-79944","post","type-post","status-publish","format-standard","has-post-thumbnail","hentry","category-asya","category-dunya","category-gundem","category-manset","category-teknoloji","category-uzak-dogu","tag-3g-teknolojisi","tag-apple-iphone","tag-japon-deprem","tag-japonya","tag-japonya-deprem"],"acf":[],"_links":{"self":[{"href":"https:\/\/www.nationalturk.com\/tr\/wp-json\/wp\/v2\/posts\/79944","targetHints":{"allow":["GET"]}}],"collection":[{"href":"https:\/\/www.nationalturk.com\/tr\/wp-json\/wp\/v2\/posts"}],"about":[{"href":"https:\/\/www.nationalturk.com\/tr\/wp-json\/wp\/v2\/types\/post"}],"author":[{"embeddable":true,"href":"https:\/\/www.nationalturk.com\/tr\/wp-json\/wp\/v2\/users\/683"}],"replies":[{"embeddable":true,"href":"https:\/\/www.nationalturk.com\/tr\/wp-json\/wp\/v2\/comments?post=79944"}],"version-history":[{"count":0,"href":"https:\/\/www.nationalturk.com\/tr\/wp-json\/wp\/v2\/posts\/79944\/revisions"}],"wp:featuredmedia":[{"embeddable":true,"href":"https:\/\/www.nationalturk.com\/tr\/wp-json\/wp\/v2\/media\/79949"}],"wp:attachment":[{"href":"https:\/\/www.nationalturk.com\/tr\/wp-json\/wp\/v2\/media?parent=79944"}],"wp:term":[{"taxonomy":"category","embeddable":true,"href":"https:\/\/www.nationalturk.com\/tr\/wp-json\/wp\/v2\/categories?post=79944"},{"taxonomy":"post_tag","embeddable":true,"href":"https:\/\/www.nationalturk.com\/tr\/wp-json\/wp\/v2\/tags?post=79944"}],"curies":[{"name":"wp","href":"https:\/\/api.w.org\/{rel}","templated":true}]}}