{"id":80008,"date":"2011-08-24T10:24:06","date_gmt":"2011-08-24T07:24:06","guid":{"rendered":"http:\/\/www.nationalturk.com\/?p=80008"},"modified":"2011-08-24T10:24:06","modified_gmt":"2011-08-24T07:24:06","slug":"unal-aysal-play-off-karari-acele-oldu-galatasaray-haberleri-80008","status":"publish","type":"post","link":"https:\/\/www.nationalturk.com\/tr\/unal-aysal-play-off-karari-acele-oldu-galatasaray-haberleri-80008\/","title":{"rendered":"\u00dcnal Aysal: Play off karar\u0131 acele oldu! \/ Galatasaray Haberleri"},"content":{"rendered":"<h1><img loading=\"lazy\" decoding=\"async\" class=\"alignleft size-medium wp-image-80009\" title=\"\u00dcnal Aysal\" src=\"http:\/\/www.nationalturk.com\/tr\/wp-content\/uploads\/2011\/08\/unal_aysal_kongre2-280x185.jpg\" alt=\"\" width=\"280\" height=\"185\" srcset=\"https:\/\/www.nationalturk.com\/tr\/wp-content\/uploads\/2011\/08\/unal_aysal_kongre2-280x185.jpg 280w, https:\/\/www.nationalturk.com\/tr\/wp-content\/uploads\/2011\/08\/unal_aysal_kongre2.jpg 500w\" sizes=\"auto, (max-width: 280px) 100vw, 280px\" \/>Kul\u00fcpler Birli\u011fi&#8217;nin destek vermesiyle TFF&#8217;nin de resmi olarak a\u00e7\u0131klad\u0131\u011f\u0131 play off sistemi hakk\u0131nda Galatasaray Ba\u015fkan\u0131 \u00dcnal Aysal a\u00e7\u0131klamalarda bulundu. \/ Galatasaray Haberleri&#8230;<\/h1>\n<p>Galatasarayl\u0131lar Derne\u011fi&#8217;nin 103. kurulu\u015f y\u0131l d\u00f6n\u00fcm\u00fc nedeniyle d\u00fczenlenen etkinlikte gazetecilerin sorular\u0131n\u0131 yan\u0131tlayan \u00dcnal Aysal, Spor Toto S\u00fcper Lig&#8217;de bu sezon uygulanacak olan play off sistemi karar\u0131n\u0131n acele al\u0131nd\u0131\u011f\u0131n\u0131 s\u00f6yledi. T\u00fcrk futboluna ve yay\u0131nc\u0131 kurulu\u015fa daha fazla katk\u0131 sa\u011flayacak ba\u015fka form\u00fcller \u00fcretilebilece\u011fini belirten Aysal, &#8220;Acele al\u0131nm\u0131\u015f bir karar. Hay\u0131rl\u0131 olur in\u015fallah. Yay\u0131nc\u0131 kurulu\u015fun g\u00f6rd\u00fc\u011f\u00fc zarar\u0131n bir yerde tazmini, oraya destek sa\u011flanmas\u0131 ama\u00e7lanmaktad\u0131r. Hakl\u0131d\u0131r ve destek sa\u011flanmal\u0131d\u0131r yay\u0131nc\u0131 kurulu\u015fa. Daha faydal\u0131 form\u00fcller bulunabilirdi&#8221; dedi.<\/p>\n<p>\u00dcnal Aysal, transfer \u00e7al\u0131\u015fmalar\u0131 hakk\u0131ndaki sorular \u00fczerine ise &#8220;T\u00fcm imkanlar\u0131m\u0131z\u0131 seferber ettik.\u00a0Arshavin ve Forlan g\u00f6r\u00fc\u015ft\u00fc\u011f\u00fcm\u00fcz futbolcular aras\u0131nda&#8221; diye konu\u015ftu.<\/p>\n<!-- Error, Advert is not available at this time due to schedule\/geolocation restrictions! -->\n<!-- Error, Advert is not available at this time due to schedule\/geolocation restrictions! -->\n","protected":false},"excerpt":{"rendered":"<p>Kul\u00fcpler Birli\u011fi&#8217;nin destek vermesiyle TFF&#8217;nin de resmi olarak a\u00e7\u0131klad\u0131\u011f\u0131 play off sistemi hakk\u0131nda Galatasaray Ba\u015fkan\u0131 \u00dcnal Aysal a\u00e7\u0131klamalarda bulundu. \/ Galatasaray Haberleri&#8230;<\/p>\n","protected":false},"author":4,"featured_media":188039,"comment_status":"open","ping_status":"open","sticky":false,"template":"","format":"standard","meta":{"_acf_changed":false,"footnotes":""},"categories":[6774,5005,6194],"tags":[4114,79005,78974,21299,64385,75011,79004],"class_list":["post-80008","post","type-post","status-publish","format-standard","has-post-thumbnail","hentry","category-futbol","category-manset","category-spor","tag-galatasaray","tag-galatasaraylilar-dernegi","tag-play-off-sistemi","tag-play-off","tag-unal-aysal","tag-unal-aysal-aciklama","tag-unal-aysal-play-off"],"acf":[],"_links":{"self":[{"href":"https:\/\/www.nationalturk.com\/tr\/wp-json\/wp\/v2\/posts\/80008","targetHints":{"allow":["GET"]}}],"collection":[{"href":"https:\/\/www.nationalturk.com\/tr\/wp-json\/wp\/v2\/posts"}],"about":[{"href":"https:\/\/www.nationalturk.com\/tr\/wp-json\/wp\/v2\/types\/post"}],"author":[{"embeddable":true,"href":"https:\/\/www.nationalturk.com\/tr\/wp-json\/wp\/v2\/users\/4"}],"replies":[{"embeddable":true,"href":"https:\/\/www.nationalturk.com\/tr\/wp-json\/wp\/v2\/comments?post=80008"}],"version-history":[{"count":0,"href":"https:\/\/www.nationalturk.com\/tr\/wp-json\/wp\/v2\/posts\/80008\/revisions"}],"wp:featuredmedia":[{"embeddable":true,"href":"https:\/\/www.nationalturk.com\/tr\/wp-json\/wp\/v2\/media\/188039"}],"wp:attachment":[{"href":"https:\/\/www.nationalturk.com\/tr\/wp-json\/wp\/v2\/media?parent=80008"}],"wp:term":[{"taxonomy":"category","embeddable":true,"href":"https:\/\/www.nationalturk.com\/tr\/wp-json\/wp\/v2\/categories?post=80008"},{"taxonomy":"post_tag","embeddable":true,"href":"https:\/\/www.nationalturk.com\/tr\/wp-json\/wp\/v2\/tags?post=80008"}],"curies":[{"name":"wp","href":"https:\/\/api.w.org\/{rel}","templated":true}]}}